{"id":162090,"date":"2024-02-27T11:21:13","date_gmt":"2024-02-27T14:21:13","guid":{"rendered":"https:\/\/www.cronicasdeitarantim.com.br\/v1\/?p=162090"},"modified":"2024-02-27T11:25:04","modified_gmt":"2024-02-27T14:25:04","slug":"regiao-homem-morre-apos-ser-picado-por-cobra-na-zona-rural","status":"publish","type":"post","link":"https:\/\/www.cronicasdeitarantim.com.br\/v1\/2024\/02\/27\/regiao-homem-morre-apos-ser-picado-por-cobra-na-zona-rural\/","title":{"rendered":"Regi\u00e3o: Homem morre ap\u00f3s ser picado por cobra na zona rural"},"content":{"rendered":"<article id=\"post-214540\" class=\"post-214540 post type-post status-publish format-standard has-post-thumbnail hentry category-regiao\">\n<div class=\"container-post\">\n<div class=\"entry-content\">\n<h3>Um homem identificado como Lozenilton Sampaio Borges, de 56 anos, mais conhecido como \u2018Biu\u2019, morador de Ubat\u00e3, morreu na noite desta segunda-feira, 26, no Hospital Geral de Ipia\u00fa em decorr\u00eancia da picada de uma cobra da esp\u00e9cie Jaracu\u00e7u. O incidente havia ocorrido no \u00faltimo dia 22 de fevereiro, na zona rural de Barra do Rocha, como informou o site Ubat\u00e3 Not\u00edcias.<\/h3>\n<h3>Conforme apurou o site junto a familiares, Biu inicialmente foi socorrido ao Hospital C\u00e9sar Monteiro Piraj\u00e1 e na sequ\u00eancia para Ipia\u00fa. A v\u00edtima foi intubada e acabou n\u00e3o resistindo.<\/h3>\n<h3>Vamos lembrar que segundo os especialistas, noventa por cento dos acontecimentos com picadas de cobras no Brasil e causado pela esp\u00e9cie da Jararaca.<\/h3>\n<\/div>\n<footer class=\"entry-footer\"><\/footer>\n<\/div>\n<\/article>\n<div class=\"my-2\"><\/div>\n<article id=\"post-214527\" class=\"post-214527 post type-post status-publish format-standard has-post-thumbnail hentry category-acidente tag-destaque\">\n<div class=\"container-post\"><\/div>\n<\/article>\n","protected":false},"excerpt":{"rendered":"<p>Um homem identificado como Lozenilton Sampaio Borges, de 56 anos, mais conhecido como \u2018Biu\u2019, morador de Ubat\u00e3, morreu na noite desta segunda-feira, 26, no Hospital Geral de Ipia\u00fa em decorr\u00eancia da picada de uma cobra da esp\u00e9cie Jaracu\u00e7u. O incidente havia ocorrido no \u00faltimo dia 22 de fevereiro, na zona rural de Barra do Rocha, como informou o site Ubat\u00e3 Not\u00edcias. Conforme apurou o site junto a familiares, Biu inicialmente foi socorrido ao Hospital C\u00e9sar Monteiro Piraj\u00e1 e na sequ\u00eancia para Ipia\u00fa. A v\u00edtima foi intubada e acabou n\u00e3o resistindo. Vamos lembrar que segundo os especialistas, noventa por cento dos [&hellip;]<\/p>\n","protected":false},"author":4,"featured_media":162091,"comment_status":"open","ping_status":"open","sticky":false,"template":"","format":"standard","meta":[],"categories":[295],"tags":[2668,2669,2019,1780,2670,427],"_links":{"self":[{"href":"https:\/\/www.cronicasdeitarantim.com.br\/v1\/wp-json\/wp\/v2\/posts\/162090"}],"collection":[{"href":"https:\/\/www.cronicasdeitarantim.com.br\/v1\/wp-json\/wp\/v2\/posts"}],"about":[{"href":"https:\/\/www.cronicasdeitarantim.com.br\/v1\/wp-json\/wp\/v2\/types\/post"}],"author":[{"embeddable":true,"href":"https:\/\/www.cronicasdeitarantim.com.br\/v1\/wp-json\/wp\/v2\/users\/4"}],"replies":[{"embeddable":true,"href":"https:\/\/www.cronicasdeitarantim.com.br\/v1\/wp-json\/wp\/v2\/comments?post=162090"}],"version-history":[{"count":2,"href":"https:\/\/www.cronicasdeitarantim.com.br\/v1\/wp-json\/wp\/v2\/posts\/162090\/revisions"}],"predecessor-version":[{"id":162093,"href":"https:\/\/www.cronicasdeitarantim.com.br\/v1\/wp-json\/wp\/v2\/posts\/162090\/revisions\/162093"}],"wp:featuredmedia":[{"embeddable":true,"href":"https:\/\/www.cronicasdeitarantim.com.br\/v1\/wp-json\/wp\/v2\/media\/162091"}],"wp:attachment":[{"href":"https:\/\/www.cronicasdeitarantim.com.br\/v1\/wp-json\/wp\/v2\/media?parent=162090"}],"wp:term":[{"taxonomy":"category","embeddable":true,"href":"https:\/\/www.cronicasdeitarantim.com.br\/v1\/wp-json\/wp\/v2\/categories?post=162090"},{"taxonomy":"post_tag","embeddable":true,"href":"https:\/\/www.cronicasdeitarantim.com.br\/v1\/wp-json\/wp\/v2\/tags?post=162090"}],"curies":[{"name":"wp","href":"https:\/\/api.w.org\/{rel}","templated":true}]}}