{"id":162085,"date":"2024-02-27T10:40:36","date_gmt":"2024-02-27T13:40:36","guid":{"rendered":"https:\/\/www.cronicasdeitarantim.com.br\/v1\/?p=162085"},"modified":"2024-02-27T10:40:36","modified_gmt":"2024-02-27T13:40:36","slug":"apos-condenacao-por-abuso-sexual-barcelona-retira-daniel-alves-da-lista-de-lendas-do-clube","status":"publish","type":"post","link":"https:\/\/www.cronicasdeitarantim.com.br\/v1\/2024\/02\/27\/apos-condenacao-por-abuso-sexual-barcelona-retira-daniel-alves-da-lista-de-lendas-do-clube\/","title":{"rendered":"Ap\u00f3s condena\u00e7\u00e3o por abuso sexual, Barcelona retira Daniel Alves da lista de lendas do clube"},"content":{"rendered":"<div class=\"styles__Body-sc-1ffquwr-7 ePhtZb\">\n<h3>O Barcelona retirou o jogador Daniel Alves da lista de lendas do clube, ap\u00f3s o brasileiro ser\u00a0condenado a quatro anos e seis meses por agress\u00e3o sexual, na Espanha &#8211; crime equivalente ao de estupro no Brasil, como informou os jornais espanh\u00f3is.<\/h3>\n<h3>A lista conta com 102 atletas e inclui jogadores que se destacaram pelo clube desde sua funda\u00e7\u00e3o, em 1899. Os \u00faltimos a entrarem na lista foram Jordi Alba, Sergio Busquets e Gerard Piqu\u00e9.<\/h3>\n<h3>Daniel Alves defendeu o clube por nove temporadas. Sua primeira passagem foi entre os anos de 2008 e 2016, posteriormente ele retornou ao elenco em 2021, onde passou sete meses.\u00a0O Barcelona s\u00f3 realizou a retirada do nome ap\u00f3s a senten\u00e7a da Justi\u00e7a, proferida na \u00faltima quinta-feira (22).<\/h3>\n<h3>O jogador brasileiro est\u00e1 preso desde o dia 20 de janeiro de 2023. O crime aconteceu em boate de Barcelona. Durante o processo, ele apresentou quatro vers\u00f5es diferentes sobre o caso.<\/h3>\n<h3>A senten\u00e7a, de 61 p\u00e1ginas, considera provado que &#8220;o acusado agarrou bruscamente a denunciante, derrubou-a no ch\u00e3o e, impedindo-a de se mover, penetrou-a, apesar de a denunciante dizer que n\u00e3o, que queria ir embora&#8221;.<\/h3>\n<\/div>\n","protected":false},"excerpt":{"rendered":"<p>O Barcelona retirou o jogador Daniel Alves da lista de lendas do clube, ap\u00f3s o brasileiro ser\u00a0condenado a quatro anos e seis meses por agress\u00e3o sexual, na Espanha &#8211; crime equivalente ao de estupro no Brasil, como informou os jornais espanh\u00f3is. A lista conta com 102 atletas e inclui jogadores que se destacaram pelo clube desde sua funda\u00e7\u00e3o, em 1899. Os \u00faltimos a entrarem na lista foram Jordi Alba, Sergio Busquets e Gerard Piqu\u00e9. Daniel Alves defendeu o clube por nove temporadas. Sua primeira passagem foi entre os anos de 2008 e 2016, posteriormente ele retornou ao elenco em 2021, [&hellip;]<\/p>\n","protected":false},"author":4,"featured_media":161524,"comment_status":"open","ping_status":"open","sticky":false,"template":"","format":"standard","meta":[],"categories":[306],"tags":[886,1780,2023,428],"_links":{"self":[{"href":"https:\/\/www.cronicasdeitarantim.com.br\/v1\/wp-json\/wp\/v2\/posts\/162085"}],"collection":[{"href":"https:\/\/www.cronicasdeitarantim.com.br\/v1\/wp-json\/wp\/v2\/posts"}],"about":[{"href":"https:\/\/www.cronicasdeitarantim.com.br\/v1\/wp-json\/wp\/v2\/types\/post"}],"author":[{"embeddable":true,"href":"https:\/\/www.cronicasdeitarantim.com.br\/v1\/wp-json\/wp\/v2\/users\/4"}],"replies":[{"embeddable":true,"href":"https:\/\/www.cronicasdeitarantim.com.br\/v1\/wp-json\/wp\/v2\/comments?post=162085"}],"version-history":[{"count":1,"href":"https:\/\/www.cronicasdeitarantim.com.br\/v1\/wp-json\/wp\/v2\/posts\/162085\/revisions"}],"predecessor-version":[{"id":162086,"href":"https:\/\/www.cronicasdeitarantim.com.br\/v1\/wp-json\/wp\/v2\/posts\/162085\/revisions\/162086"}],"wp:featuredmedia":[{"embeddable":true,"href":"https:\/\/www.cronicasdeitarantim.com.br\/v1\/wp-json\/wp\/v2\/media\/161524"}],"wp:attachment":[{"href":"https:\/\/www.cronicasdeitarantim.com.br\/v1\/wp-json\/wp\/v2\/media?parent=162085"}],"wp:term":[{"taxonomy":"category","embeddable":true,"href":"https:\/\/www.cronicasdeitarantim.com.br\/v1\/wp-json\/wp\/v2\/categories?post=162085"},{"taxonomy":"post_tag","embeddable":true,"href":"https:\/\/www.cronicasdeitarantim.com.br\/v1\/wp-json\/wp\/v2\/tags?post=162085"}],"curies":[{"name":"wp","href":"https:\/\/api.w.org\/{rel}","templated":true}]}}