{"id":161835,"date":"2024-02-21T23:43:04","date_gmt":"2024-02-22T02:43:04","guid":{"rendered":"https:\/\/www.cronicasdeitarantim.com.br\/v1\/?p=161835"},"modified":"2024-02-21T23:43:04","modified_gmt":"2024-02-22T02:43:04","slug":"itarantim-juri-popular-condena-jovem-por-18-anos-e-9-meses-de-prisao-por-homicidio","status":"publish","type":"post","link":"https:\/\/www.cronicasdeitarantim.com.br\/v1\/2024\/02\/21\/itarantim-juri-popular-condena-jovem-por-18-anos-e-9-meses-de-prisao-por-homicidio\/","title":{"rendered":"Itarantim: J\u00fari Popular condena jovem por 18 anos e 9 meses de pris\u00e3o por homic\u00eddio"},"content":{"rendered":"<h3>Um J\u00fari Popular foi realizado nesta ter\u00e7a-feira (20) no F\u00f3rum Municipal da cidade de Itarantim, no julgamento do jovem M\u00e1rcio Silva Lisboa, vulgo Bar\u00e3o, acusado de ter assassinado outro jovem de nome Ademilson Carvalho conhecido como V\u00e9i. Este crime aconteceu no dia 29 de fevereiro de 2020 na rua Boa Vista no bairro Bob Kennedy.<\/h3>\n<h3>Este foi o primeiro julgamento do ano que come\u00e7ou pela manh\u00e3 e transcorreu durante todo o dia e s\u00f3 foi terminar \u00e0 noite com o J\u00fari Popular condenando por 18 anos e 9 meses o r\u00e9u que j\u00e1 se encontrava preso.<\/h3>\n","protected":false},"excerpt":{"rendered":"<p>Um J\u00fari Popular foi realizado nesta ter\u00e7a-feira (20) no F\u00f3rum Municipal da cidade de Itarantim, no julgamento do jovem M\u00e1rcio Silva Lisboa, vulgo Bar\u00e3o, acusado de ter assassinado outro jovem de nome Ademilson Carvalho conhecido como V\u00e9i. Este crime aconteceu no dia 29 de fevereiro de 2020 na rua Boa Vista no bairro Bob Kennedy. Este foi o primeiro julgamento do ano que come\u00e7ou pela manh\u00e3 e transcorreu durante todo o dia e s\u00f3 foi terminar \u00e0 noite com o J\u00fari Popular condenando por 18 anos e 9 meses o r\u00e9u que j\u00e1 se encontrava preso.<\/p>\n","protected":false},"author":4,"featured_media":161836,"comment_status":"open","ping_status":"open","sticky":false,"template":"","format":"standard","meta":[],"categories":[306],"tags":[975,1780,2177,385,434],"_links":{"self":[{"href":"https:\/\/www.cronicasdeitarantim.com.br\/v1\/wp-json\/wp\/v2\/posts\/161835"}],"collection":[{"href":"https:\/\/www.cronicasdeitarantim.com.br\/v1\/wp-json\/wp\/v2\/posts"}],"about":[{"href":"https:\/\/www.cronicasdeitarantim.com.br\/v1\/wp-json\/wp\/v2\/types\/post"}],"author":[{"embeddable":true,"href":"https:\/\/www.cronicasdeitarantim.com.br\/v1\/wp-json\/wp\/v2\/users\/4"}],"replies":[{"embeddable":true,"href":"https:\/\/www.cronicasdeitarantim.com.br\/v1\/wp-json\/wp\/v2\/comments?post=161835"}],"version-history":[{"count":1,"href":"https:\/\/www.cronicasdeitarantim.com.br\/v1\/wp-json\/wp\/v2\/posts\/161835\/revisions"}],"predecessor-version":[{"id":161837,"href":"https:\/\/www.cronicasdeitarantim.com.br\/v1\/wp-json\/wp\/v2\/posts\/161835\/revisions\/161837"}],"wp:featuredmedia":[{"embeddable":true,"href":"https:\/\/www.cronicasdeitarantim.com.br\/v1\/wp-json\/wp\/v2\/media\/161836"}],"wp:attachment":[{"href":"https:\/\/www.cronicasdeitarantim.com.br\/v1\/wp-json\/wp\/v2\/media?parent=161835"}],"wp:term":[{"taxonomy":"category","embeddable":true,"href":"https:\/\/www.cronicasdeitarantim.com.br\/v1\/wp-json\/wp\/v2\/categories?post=161835"},{"taxonomy":"post_tag","embeddable":true,"href":"https:\/\/www.cronicasdeitarantim.com.br\/v1\/wp-json\/wp\/v2\/tags?post=161835"}],"curies":[{"name":"wp","href":"https:\/\/api.w.org\/{rel}","templated":true}]}}