{"id":161757,"date":"2024-02-19T17:06:30","date_gmt":"2024-02-19T20:06:30","guid":{"rendered":"https:\/\/www.cronicasdeitarantim.com.br\/v1\/?p=161757"},"modified":"2024-02-19T17:14:26","modified_gmt":"2024-02-19T20:14:26","slug":"luto-na-musica-morre-em-salvador-o-vocalista-da-banda-lordao-koko","status":"publish","type":"post","link":"https:\/\/www.cronicasdeitarantim.com.br\/v1\/2024\/02\/19\/luto-na-musica-morre-em-salvador-o-vocalista-da-banda-lordao-koko\/","title":{"rendered":"Luto na m\u00fasica: Morre em Salvador o vocalista da banda Lord\u00e3o, Kok\u00f3"},"content":{"rendered":"<h4>Morreu na tarde desta segunda-feira (19) em Salvador o vocalista da Banda Lord\u00e3o, Cl\u00f3vis Figueiredo Leite, mais conhecido como Kok\u00f3 aos 73 anos. De acordo com informa\u00e7\u00f5es, Kok\u00f3 estava internado numa Unidade de Terapia Intensiva (UTI) na capital h\u00e1 15 dias por conta de problemas no f\u00edgado e nesta manh\u00e3 de segunda-feira seu quadro cl\u00ednico arruinou vindo a \u00f3bito nesta tarde.<\/h4>\n<h4>Kok\u00f3 era o hist\u00f3rico vocalista da Banda Lord\u00e3o por mais de 50 anos e teve que se afastar dos palcos por conta do problema.<\/h4>\n","protected":false},"excerpt":{"rendered":"<p>Morreu na tarde desta segunda-feira (19) em Salvador o vocalista da Banda Lord\u00e3o, Cl\u00f3vis Figueiredo Leite, mais conhecido como Kok\u00f3 aos 73 anos. De acordo com informa\u00e7\u00f5es, Kok\u00f3 estava internado numa Unidade de Terapia Intensiva (UTI) na capital h\u00e1 15 dias por conta de problemas no f\u00edgado e nesta manh\u00e3 de segunda-feira seu quadro cl\u00ednico arruinou vindo a \u00f3bito nesta tarde. Kok\u00f3 era o hist\u00f3rico vocalista da Banda Lord\u00e3o por mais de 50 anos e teve que se afastar dos palcos por conta do problema.<\/p>\n","protected":false},"author":4,"featured_media":161758,"comment_status":"open","ping_status":"open","sticky":false,"template":"","format":"standard","meta":[],"categories":[14],"tags":[1780,2657,495,204,427],"_links":{"self":[{"href":"https:\/\/www.cronicasdeitarantim.com.br\/v1\/wp-json\/wp\/v2\/posts\/161757"}],"collection":[{"href":"https:\/\/www.cronicasdeitarantim.com.br\/v1\/wp-json\/wp\/v2\/posts"}],"about":[{"href":"https:\/\/www.cronicasdeitarantim.com.br\/v1\/wp-json\/wp\/v2\/types\/post"}],"author":[{"embeddable":true,"href":"https:\/\/www.cronicasdeitarantim.com.br\/v1\/wp-json\/wp\/v2\/users\/4"}],"replies":[{"embeddable":true,"href":"https:\/\/www.cronicasdeitarantim.com.br\/v1\/wp-json\/wp\/v2\/comments?post=161757"}],"version-history":[{"count":2,"href":"https:\/\/www.cronicasdeitarantim.com.br\/v1\/wp-json\/wp\/v2\/posts\/161757\/revisions"}],"predecessor-version":[{"id":161760,"href":"https:\/\/www.cronicasdeitarantim.com.br\/v1\/wp-json\/wp\/v2\/posts\/161757\/revisions\/161760"}],"wp:featuredmedia":[{"embeddable":true,"href":"https:\/\/www.cronicasdeitarantim.com.br\/v1\/wp-json\/wp\/v2\/media\/161758"}],"wp:attachment":[{"href":"https:\/\/www.cronicasdeitarantim.com.br\/v1\/wp-json\/wp\/v2\/media?parent=161757"}],"wp:term":[{"taxonomy":"category","embeddable":true,"href":"https:\/\/www.cronicasdeitarantim.com.br\/v1\/wp-json\/wp\/v2\/categories?post=161757"},{"taxonomy":"post_tag","embeddable":true,"href":"https:\/\/www.cronicasdeitarantim.com.br\/v1\/wp-json\/wp\/v2\/tags?post=161757"}],"curies":[{"name":"wp","href":"https:\/\/api.w.org\/{rel}","templated":true}]}}