{"id":161716,"date":"2024-02-16T00:57:17","date_gmt":"2024-02-16T03:57:17","guid":{"rendered":"https:\/\/www.cronicasdeitarantim.com.br\/v1\/?p=161716"},"modified":"2024-02-16T00:57:27","modified_gmt":"2024-02-16T03:57:27","slug":"violencia-homem-mata-dois-irmaos-em-cidade-do-interior-da-bahia","status":"publish","type":"post","link":"https:\/\/www.cronicasdeitarantim.com.br\/v1\/2024\/02\/16\/violencia-homem-mata-dois-irmaos-em-cidade-do-interior-da-bahia\/","title":{"rendered":"Viol\u00eancia: Homem mata dois irm\u00e3os em cidade do interior da Bahia"},"content":{"rendered":"<div id=\"chunk-deheu\">\n<div class=\"mc-column content-text active-extra-styles \" data-block-type=\"unstyled\" data-block-weight=\"27\" data-block-id=\"2\">\n<h4 class=\" content-text__container \" data-track-category=\"Link no Texto\">Um homem foi preso suspeito de matar os dois irm\u00e3os com pauladas na cabe\u00e7a na madrugada desta quinta-feira (15), na cidade de\u00a0Jeremoabo, no norte da Bahia.<\/h4>\n<div class=\"mc-column content-text active-extra-styles \" data-block-type=\"unstyled\" data-block-weight=\"32\" data-block-id=\"5\">\n<h4 class=\" content-text__container \" data-track-category=\"Link no Texto\">Segundo informa\u00e7\u00f5es da Pol\u00edcia Civil, o caso aconteceu no povoado de Lagoa Grande. As v\u00edtimas foram identificadas como Jos\u00e9 Santos de Oliveira, de 36 anos, e Givaldo dos Santos Oliveira, de 40.<\/h4>\n<\/div>\n<div id=\"chunk-2as3c\">\n<div class=\"mc-column content-text active-extra-styles \" data-block-type=\"unstyled\" data-block-weight=\"2\" data-block-id=\"6\">\n<div class=\"mc-column content-text active-extra-styles \" data-block-type=\"unstyled\" data-block-weight=\"26\" data-block-id=\"9\">\n<h4 class=\" content-text__container \" data-track-category=\"Link no Texto\">A pol\u00edcia informou que ap\u00f3s cometer o crime, o suspeito fugiu, mas foi alcan\u00e7ado pr\u00f3ximo da casa onde matou os irm\u00e3os, em um trecho da BR-110.<\/h4>\n<\/div>\n<div id=\"chunk-cgvr\">\n<div class=\"mc-column content-text active-extra-styles \" data-block-type=\"unstyled\" data-block-weight=\"10\" data-block-id=\"10\">\n<h4 class=\" content-text__container \" data-track-category=\"Link no Texto\">A motiva\u00e7\u00e3o do crime \u00e9 investigada na delegacia de Jeremoabo.<\/h4>\n<\/div>\n<\/div>\n<div id=\"chunk-eqbea\">\n<div class=\"mc-column content-text active-extra-styles \" data-block-type=\"unstyled\" data-block-weight=\"8\" data-block-id=\"11\"><\/div>\n<\/div>\n<\/div>\n<\/div>\n<\/div>\n<\/div>\n<div class=\"wall protected-content\">\n<div id=\"chunk-65kmh\">\n<div class=\"mc-column content-text active-extra-styles \" data-block-type=\"unstyled\" data-block-weight=\"11\" data-block-id=\"4\"><\/div>\n<\/div>\n<\/div>\n","protected":false},"excerpt":{"rendered":"<p>Um homem foi preso suspeito de matar os dois irm\u00e3os com pauladas na cabe\u00e7a na madrugada desta quinta-feira (15), na cidade de\u00a0Jeremoabo, no norte da Bahia. Segundo informa\u00e7\u00f5es da Pol\u00edcia Civil, o caso aconteceu no povoado de Lagoa Grande. As v\u00edtimas foram identificadas como Jos\u00e9 Santos de Oliveira, de 36 anos, e Givaldo dos Santos Oliveira, de 40. A pol\u00edcia informou que ap\u00f3s cometer o crime, o suspeito fugiu, mas foi alcan\u00e7ado pr\u00f3ximo da casa onde matou os irm\u00e3os, em um trecho da BR-110. A motiva\u00e7\u00e3o do crime \u00e9 investigada na delegacia de Jeremoabo.<\/p>\n","protected":false},"author":4,"featured_media":161717,"comment_status":"open","ping_status":"open","sticky":false,"template":"","format":"standard","meta":[],"categories":[306],"tags":[76,1780,2074,434,444],"_links":{"self":[{"href":"https:\/\/www.cronicasdeitarantim.com.br\/v1\/wp-json\/wp\/v2\/posts\/161716"}],"collection":[{"href":"https:\/\/www.cronicasdeitarantim.com.br\/v1\/wp-json\/wp\/v2\/posts"}],"about":[{"href":"https:\/\/www.cronicasdeitarantim.com.br\/v1\/wp-json\/wp\/v2\/types\/post"}],"author":[{"embeddable":true,"href":"https:\/\/www.cronicasdeitarantim.com.br\/v1\/wp-json\/wp\/v2\/users\/4"}],"replies":[{"embeddable":true,"href":"https:\/\/www.cronicasdeitarantim.com.br\/v1\/wp-json\/wp\/v2\/comments?post=161716"}],"version-history":[{"count":2,"href":"https:\/\/www.cronicasdeitarantim.com.br\/v1\/wp-json\/wp\/v2\/posts\/161716\/revisions"}],"predecessor-version":[{"id":161719,"href":"https:\/\/www.cronicasdeitarantim.com.br\/v1\/wp-json\/wp\/v2\/posts\/161716\/revisions\/161719"}],"wp:featuredmedia":[{"embeddable":true,"href":"https:\/\/www.cronicasdeitarantim.com.br\/v1\/wp-json\/wp\/v2\/media\/161717"}],"wp:attachment":[{"href":"https:\/\/www.cronicasdeitarantim.com.br\/v1\/wp-json\/wp\/v2\/media?parent=161716"}],"wp:term":[{"taxonomy":"category","embeddable":true,"href":"https:\/\/www.cronicasdeitarantim.com.br\/v1\/wp-json\/wp\/v2\/categories?post=161716"},{"taxonomy":"post_tag","embeddable":true,"href":"https:\/\/www.cronicasdeitarantim.com.br\/v1\/wp-json\/wp\/v2\/tags?post=161716"}],"curies":[{"name":"wp","href":"https:\/\/api.w.org\/{rel}","templated":true}]}}