{"id":161695,"date":"2024-02-15T13:42:59","date_gmt":"2024-02-15T16:42:59","guid":{"rendered":"https:\/\/www.cronicasdeitarantim.com.br\/v1\/?p=161695"},"modified":"2024-02-15T13:43:30","modified_gmt":"2024-02-15T16:43:30","slug":"brasil-prf-registra-85-mortes-nas-estradas-federais-durante-carnaval","status":"publish","type":"post","link":"https:\/\/www.cronicasdeitarantim.com.br\/v1\/2024\/02\/15\/brasil-prf-registra-85-mortes-nas-estradas-federais-durante-carnaval\/","title":{"rendered":"Brasil: PRF registra 85 mortes nas estradas federais durante carnaval"},"content":{"rendered":"<div class=\"conteudo_post\">\n<h4>A Opera\u00e7\u00e3o Carnaval 2024, da Pol\u00edcia Rodovi\u00e1ria Federal (PRF), terminou nesta madrugada com registros do aumento no n\u00famero de acidentes e mortes nas estradas de todo o pa\u00eds. Mas houve queda nos flagrantes de infra\u00e7\u00e3o, na compara\u00e7\u00e3o com 2023.<\/h4>\n<h4>De acordo com o balan\u00e7o divulgado pela PRF, foram registrados 1.223 sinistros ao longo dos 6 dias de opera\u00e7\u00e3o, o que representa um aumento de 10%, em rela\u00e7\u00e3o aos 1.112 ocorridos no ano passado. Como consequ\u00eancia dos acidentes mais graves, 85 pessoas morreram, enquanto, na \u00faltima opera\u00e7\u00e3o de carnaval, foram 80 \u00f3bitos.<\/h4>\n<h4>Este ano, em que as a\u00e7\u00f5es tiveram como foco o combate \u00e0 combina\u00e7\u00e3o \u00e1lcool e dire\u00e7\u00e3o, esse tipo de autua\u00e7\u00e3o sofreu uma redu\u00e7\u00e3o de 4%. Foram 1.867 motoristas autuados por dirigirem sob efeito de bebida alco\u00f3lica ou por recusarem fazer o teste do baf\u00f4metro. J\u00e1 no ano passado, foram autuados por esse motivo 1.946 motoristas.<\/h4>\n<div>\n<div class=\"trv-player-container\">\n<div class=\"trv-wrapper\">\n<h4 id=\"br_video_player_f01128e04847cebde781e1d8952b5b9dc3c659f9\" class=\"trvd_video_player\">As pris\u00f5es de motoristas por embriaguez ou sinais de altera\u00e7\u00e3o da capacidade psicomotora pelo efeito do \u00e1lcool tamb\u00e9m diminu\u00edram de 138 para 107, o que representa uma queda de 18%.<\/h4>\n<\/div>\n<\/div>\n<\/div>\n<h4>De acordo com a PRF, as medidas educativas e o refor\u00e7o do policiamento e, principalmente da fiscaliza\u00e7\u00e3o, em todo o pa\u00eds, empregadas entre os dias 9 e 14 de fevereiro, aumentaram a seguran\u00e7a vi\u00e1ria, n\u00e3o apenas na preven\u00e7\u00e3o de acidentes e mortes, mas tamb\u00e9m no enfrentamento \u00e0 criminalidade. Esse esfor\u00e7o resultou na pris\u00e3o de 144 pessoas por outros crimes, al\u00e9m da apreens\u00e3o de 20 armas transportadas sem autoriza\u00e7\u00e3o, al\u00e9m de 2.264 kg de maconha e 1.269 kg de coca\u00edna. (Bahia.ba).<\/h4>\n<\/div>\n<div id=\"div-share\"><\/div>\n","protected":false},"excerpt":{"rendered":"<p>A Opera\u00e7\u00e3o Carnaval 2024, da Pol\u00edcia Rodovi\u00e1ria Federal (PRF), terminou nesta madrugada com registros do aumento no n\u00famero de acidentes e mortes nas estradas de todo o pa\u00eds. Mas houve queda nos flagrantes de infra\u00e7\u00e3o, na compara\u00e7\u00e3o com 2023. De acordo com o balan\u00e7o divulgado pela PRF, foram registrados 1.223 sinistros ao longo dos 6 dias de opera\u00e7\u00e3o, o que representa um aumento de 10%, em rela\u00e7\u00e3o aos 1.112 ocorridos no ano passado. Como consequ\u00eancia dos acidentes mais graves, 85 pessoas morreram, enquanto, na \u00faltima opera\u00e7\u00e3o de carnaval, foram 80 \u00f3bitos. Este ano, em que as a\u00e7\u00f5es tiveram como foco [&hellip;]<\/p>\n","protected":false},"author":4,"featured_media":161696,"comment_status":"open","ping_status":"open","sticky":false,"template":"","format":"standard","meta":[],"categories":[296],"tags":[594,76,433,772,1780],"_links":{"self":[{"href":"https:\/\/www.cronicasdeitarantim.com.br\/v1\/wp-json\/wp\/v2\/posts\/161695"}],"collection":[{"href":"https:\/\/www.cronicasdeitarantim.com.br\/v1\/wp-json\/wp\/v2\/posts"}],"about":[{"href":"https:\/\/www.cronicasdeitarantim.com.br\/v1\/wp-json\/wp\/v2\/types\/post"}],"author":[{"embeddable":true,"href":"https:\/\/www.cronicasdeitarantim.com.br\/v1\/wp-json\/wp\/v2\/users\/4"}],"replies":[{"embeddable":true,"href":"https:\/\/www.cronicasdeitarantim.com.br\/v1\/wp-json\/wp\/v2\/comments?post=161695"}],"version-history":[{"count":2,"href":"https:\/\/www.cronicasdeitarantim.com.br\/v1\/wp-json\/wp\/v2\/posts\/161695\/revisions"}],"predecessor-version":[{"id":161698,"href":"https:\/\/www.cronicasdeitarantim.com.br\/v1\/wp-json\/wp\/v2\/posts\/161695\/revisions\/161698"}],"wp:featuredmedia":[{"embeddable":true,"href":"https:\/\/www.cronicasdeitarantim.com.br\/v1\/wp-json\/wp\/v2\/media\/161696"}],"wp:attachment":[{"href":"https:\/\/www.cronicasdeitarantim.com.br\/v1\/wp-json\/wp\/v2\/media?parent=161695"}],"wp:term":[{"taxonomy":"category","embeddable":true,"href":"https:\/\/www.cronicasdeitarantim.com.br\/v1\/wp-json\/wp\/v2\/categories?post=161695"},{"taxonomy":"post_tag","embeddable":true,"href":"https:\/\/www.cronicasdeitarantim.com.br\/v1\/wp-json\/wp\/v2\/tags?post=161695"}],"curies":[{"name":"wp","href":"https:\/\/api.w.org\/{rel}","templated":true}]}}