{"id":161626,"date":"2024-02-10T00:22:06","date_gmt":"2024-02-10T03:22:06","guid":{"rendered":"https:\/\/www.cronicasdeitarantim.com.br\/v1\/?p=161626"},"modified":"2024-02-10T00:22:06","modified_gmt":"2024-02-10T03:22:06","slug":"itarantim-prefeitura-ira-receber-do-fundo-de-participacao-dos-municipios-r-2-238-908","status":"publish","type":"post","link":"https:\/\/www.cronicasdeitarantim.com.br\/v1\/2024\/02\/10\/itarantim-prefeitura-ira-receber-do-fundo-de-participacao-dos-municipios-r-2-238-908\/","title":{"rendered":"Itarantim: Prefeitura ir\u00e1 receber do Fundo de Participa\u00e7\u00e3o dos Munic\u00edpios R$ 2.238.908"},"content":{"rendered":"<h4>A Prefeitura de Itarantim, no M\u00e9dio Sudoeste da Bahia, recebeu nesta sexta-feira (09) um valor de R$ 2.238.908,00 (Dois milh\u00f5es, duzentos e trinta e oito mil e novecentos e oito reais) do Fundo de Participa\u00e7\u00e3o dos Munic\u00edpios (FPM), de acordo com o portal do governo. Os valores s\u00e3o sempre proporcionais ao n\u00famero da popula\u00e7\u00e3o do munic\u00edpio.<\/h4>\n<h4>\u00c9 importante lembrar que Itarantim teve uma dr\u00e1stica queda no n\u00famero populacional no \u00faltimo censo realizado na cidade, o que resultou em uma diminui\u00e7\u00e3o nos valores do repasse.<\/h4>\n<h4>\u00c9 essencial que a administra\u00e7\u00e3o municipal busque alternativas para enfrentar situa\u00e7\u00f5es como o fortalecimento econ\u00f4mico e continue atendendo \u00e0s necessidades da popula\u00e7\u00e3o.<\/h4>\n<h4>\u00c9 fundamental que a Prefeitura promova a\u00e7\u00f5es com este recurso para estimular o crescimento populacional, buscando estrat\u00e9gias para atrair novos moradores e manter os recursos necess\u00e1rios para o desenvolvimento de emprego e renda na cidade.<\/h4>\n<h4>A Bahia vai receber mais de 01 bilh\u00e3o para ser distribu\u00eddos\u00a0entre as Prefeituras e corresponde \u00e0 parcelas do 1\u00aa dec\u00eandio do m\u00eas de fevereiro. Salvador \u00e9 a cidade que ir\u00e1 ficar com o maior montante dos recursos.<\/h4>\n","protected":false},"excerpt":{"rendered":"<p>A Prefeitura de Itarantim, no M\u00e9dio Sudoeste da Bahia, recebeu nesta sexta-feira (09) um valor de R$ 2.238.908,00 (Dois milh\u00f5es, duzentos e trinta e oito mil e novecentos e oito reais) do Fundo de Participa\u00e7\u00e3o dos Munic\u00edpios (FPM), de acordo com o portal do governo. Os valores s\u00e3o sempre proporcionais ao n\u00famero da popula\u00e7\u00e3o do munic\u00edpio. \u00c9 importante lembrar que Itarantim teve uma dr\u00e1stica queda no n\u00famero populacional no \u00faltimo censo realizado na cidade, o que resultou em uma diminui\u00e7\u00e3o nos valores do repasse. \u00c9 essencial que a administra\u00e7\u00e3o municipal busque alternativas para enfrentar situa\u00e7\u00f5es como o fortalecimento econ\u00f4mico e [&hellip;]<\/p>\n","protected":false},"author":4,"featured_media":157372,"comment_status":"open","ping_status":"open","sticky":false,"template":"","format":"standard","meta":[],"categories":[300],"tags":[1780,2201,930,1835],"_links":{"self":[{"href":"https:\/\/www.cronicasdeitarantim.com.br\/v1\/wp-json\/wp\/v2\/posts\/161626"}],"collection":[{"href":"https:\/\/www.cronicasdeitarantim.com.br\/v1\/wp-json\/wp\/v2\/posts"}],"about":[{"href":"https:\/\/www.cronicasdeitarantim.com.br\/v1\/wp-json\/wp\/v2\/types\/post"}],"author":[{"embeddable":true,"href":"https:\/\/www.cronicasdeitarantim.com.br\/v1\/wp-json\/wp\/v2\/users\/4"}],"replies":[{"embeddable":true,"href":"https:\/\/www.cronicasdeitarantim.com.br\/v1\/wp-json\/wp\/v2\/comments?post=161626"}],"version-history":[{"count":1,"href":"https:\/\/www.cronicasdeitarantim.com.br\/v1\/wp-json\/wp\/v2\/posts\/161626\/revisions"}],"predecessor-version":[{"id":161627,"href":"https:\/\/www.cronicasdeitarantim.com.br\/v1\/wp-json\/wp\/v2\/posts\/161626\/revisions\/161627"}],"wp:featuredmedia":[{"embeddable":true,"href":"https:\/\/www.cronicasdeitarantim.com.br\/v1\/wp-json\/wp\/v2\/media\/157372"}],"wp:attachment":[{"href":"https:\/\/www.cronicasdeitarantim.com.br\/v1\/wp-json\/wp\/v2\/media?parent=161626"}],"wp:term":[{"taxonomy":"category","embeddable":true,"href":"https:\/\/www.cronicasdeitarantim.com.br\/v1\/wp-json\/wp\/v2\/categories?post=161626"},{"taxonomy":"post_tag","embeddable":true,"href":"https:\/\/www.cronicasdeitarantim.com.br\/v1\/wp-json\/wp\/v2\/tags?post=161626"}],"curies":[{"name":"wp","href":"https:\/\/api.w.org\/{rel}","templated":true}]}}