{"id":161608,"date":"2024-02-09T11:07:30","date_gmt":"2024-02-09T14:07:30","guid":{"rendered":"https:\/\/www.cronicasdeitarantim.com.br\/v1\/?p=161608"},"modified":"2024-02-09T11:07:30","modified_gmt":"2024-02-09T14:07:30","slug":"tristeza-em-itarantim-jovem-de-apenas-21-anos-morre-no-hospital-regional-da-cidade","status":"publish","type":"post","link":"https:\/\/www.cronicasdeitarantim.com.br\/v1\/2024\/02\/09\/tristeza-em-itarantim-jovem-de-apenas-21-anos-morre-no-hospital-regional-da-cidade\/","title":{"rendered":"Tristeza em Itarantim: Jovem de apenas 21 anos morre no Hospital Regional da cidade"},"content":{"rendered":"<h4>Uma not\u00edcia triste na manh\u00e3 desta sexta-feira (09) tomou conta dos grupos de Whatsapp e redes sociais em Itarantim, morreu no Hospital Regional da cidade uma jovem de pronome Vit\u00f3ria. A morte da jovem deixou a comunidade de Itarantim, em especial amigos e familiares, consternados com a situa\u00e7\u00e3o repentina da morte da jovem que era sorridente e tinha toda uma vida pela frente.<\/h4>\n<h4>A causa da morte de Vit\u00f3ria ainda \u00e9 desconhecida, no entanto tudo indica que foi infarto, como informaram amigos. A jovem estava internada no unidade hospitalar j\u00e1 alguns dias sentindo muita falta de ar, nesta manh\u00e3 teve uma parada cardiorespirat\u00f3ria e os m\u00e9dicos tentaram reanim\u00e1-la, mas infelizmente a jovem veio a \u00f3bito.<\/h4>\n<h4>Aos amigos e familiares fica aqui a nossa solidariedade\u00a0e que Deus conforte os cora\u00e7\u00f5es.<\/h4>\n","protected":false},"excerpt":{"rendered":"<p>Uma not\u00edcia triste na manh\u00e3 desta sexta-feira (09) tomou conta dos grupos de Whatsapp e redes sociais em Itarantim, morreu no Hospital Regional da cidade uma jovem de pronome Vit\u00f3ria. A morte da jovem deixou a comunidade de Itarantim, em especial amigos e familiares, consternados com a situa\u00e7\u00e3o repentina da morte da jovem que era sorridente e tinha toda uma vida pela frente. A causa da morte de Vit\u00f3ria ainda \u00e9 desconhecida, no entanto tudo indica que foi infarto, como informaram amigos. A jovem estava internada no unidade hospitalar j\u00e1 alguns dias sentindo muita falta de ar, nesta manh\u00e3 teve [&hellip;]<\/p>\n","protected":false},"author":4,"featured_media":161609,"comment_status":"open","ping_status":"open","sticky":false,"template":"","format":"standard","meta":[],"categories":[1],"tags":[1780,385,1695,495,989,844],"_links":{"self":[{"href":"https:\/\/www.cronicasdeitarantim.com.br\/v1\/wp-json\/wp\/v2\/posts\/161608"}],"collection":[{"href":"https:\/\/www.cronicasdeitarantim.com.br\/v1\/wp-json\/wp\/v2\/posts"}],"about":[{"href":"https:\/\/www.cronicasdeitarantim.com.br\/v1\/wp-json\/wp\/v2\/types\/post"}],"author":[{"embeddable":true,"href":"https:\/\/www.cronicasdeitarantim.com.br\/v1\/wp-json\/wp\/v2\/users\/4"}],"replies":[{"embeddable":true,"href":"https:\/\/www.cronicasdeitarantim.com.br\/v1\/wp-json\/wp\/v2\/comments?post=161608"}],"version-history":[{"count":1,"href":"https:\/\/www.cronicasdeitarantim.com.br\/v1\/wp-json\/wp\/v2\/posts\/161608\/revisions"}],"predecessor-version":[{"id":161610,"href":"https:\/\/www.cronicasdeitarantim.com.br\/v1\/wp-json\/wp\/v2\/posts\/161608\/revisions\/161610"}],"wp:featuredmedia":[{"embeddable":true,"href":"https:\/\/www.cronicasdeitarantim.com.br\/v1\/wp-json\/wp\/v2\/media\/161609"}],"wp:attachment":[{"href":"https:\/\/www.cronicasdeitarantim.com.br\/v1\/wp-json\/wp\/v2\/media?parent=161608"}],"wp:term":[{"taxonomy":"category","embeddable":true,"href":"https:\/\/www.cronicasdeitarantim.com.br\/v1\/wp-json\/wp\/v2\/categories?post=161608"},{"taxonomy":"post_tag","embeddable":true,"href":"https:\/\/www.cronicasdeitarantim.com.br\/v1\/wp-json\/wp\/v2\/tags?post=161608"}],"curies":[{"name":"wp","href":"https:\/\/api.w.org\/{rel}","templated":true}]}}