{"id":161587,"date":"2024-02-07T17:01:15","date_gmt":"2024-02-07T20:01:15","guid":{"rendered":"https:\/\/www.cronicasdeitarantim.com.br\/v1\/?p=161587"},"modified":"2024-02-07T17:01:15","modified_gmt":"2024-02-07T20:01:15","slug":"maiquinique-comunidade-quilombola-do-tinga-abandonada-pela-prefeitura-em-audio-moradora-denuncia","status":"publish","type":"post","link":"https:\/\/www.cronicasdeitarantim.com.br\/v1\/2024\/02\/07\/maiquinique-comunidade-quilombola-do-tinga-abandonada-pela-prefeitura-em-audio-moradora-denuncia\/","title":{"rendered":"Maiquinique: Comunidade quilombola do Tinga abandonada pela Prefeitura, em \u00e1udio moradora denuncia"},"content":{"rendered":"<h4>Uma moradora da comunidade do Tinga, uma comunidade de quilombo que fica localizada no munic\u00edpio, fez s\u00e9rias den\u00fancias e cobran\u00e7as \u00e0 prefeita Val\u00e9ria Silveira (Podemos). A mulher de nome Patr\u00edcia \u00e9 uma das l\u00edderes da comunidade que todos os s\u00e1bados leva sua produ\u00e7\u00e3o da Agricultura Familiar para vender na Feira Livre da cidade e a produ\u00e7\u00e3o\u00a0da comunidade praticamente abastece a feira no dia de s\u00e1bado.<\/h4>\n<h4>Enviado para nossa reda\u00e7\u00e3o, Patr\u00edcia afirma que a comunidade est\u00e1\u00a0abandonada pela gest\u00e3o da prefeita Val\u00e9ria que tem pouco dado assist\u00eancia a comunidade. No \u00e1udio\u00a0enviado para nossa reda\u00e7\u00e3o (confira abaixo) ela pede socorro e diz que os problemas das estradas vicinais est\u00e3o causando preju\u00edzos na escoa\u00e7\u00e3o dos alimentos que s\u00e3o produzidos na comunidade.<\/h4>\n<h4>Recentemente\u00a0o site publicou uma mat\u00e9ria\u00a0 mostrando a situa\u00e7\u00e3o das estradas do Tinga quando chove, que fica praticamente sem nenhuma possibilidade de transitar por conta da falta de manuten\u00e7\u00e3o.<\/h4>\n<h4>Tamb\u00e9m o site publicou uma diversidade de den\u00fancias mostrando que a Prefeitura de Maiquinique contratou num valor alt\u00edssimo\u00a0maquin\u00e1rios para manuten\u00e7\u00e3o\u00a0destas estradas,\u00a0mas os moradores at\u00e9 agora n\u00e3o viram os servi\u00e7os acontecerem.<\/h4>\n<h4>Enquanto isso, moradores da comunidade quilombola do Utinga\u00a0sofrem com o descaso da Prefeitura e da gest\u00e3o da prefeita Val\u00e9ria Silveira que entra numa crise sem precedente e se afunda a cada dia no caos administrativo.\u00a0 \u00a0 .<\/h4>\n<p><iframe loading=\"lazy\" title=\"Moradores da comunidade quilombola denuncia descaso da Prefeitura de Maiquinique by Cr\u00f4nicas de Itarantim\" width=\"1200\" height=\"400\" scrolling=\"no\" frameborder=\"no\" src=\"https:\/\/w.soundcloud.com\/player\/?visual=true&#038;url=https%3A%2F%2Fapi.soundcloud.com%2Ftracks%2F1740504297&#038;show_artwork=true&#038;maxheight=1000&#038;maxwidth=1200\"><\/iframe><\/p>\n<p>&nbsp;<\/p>\n<p>&nbsp;<\/p>\n<p><iframe loading=\"lazy\" title=\"Moradora do Tinga em Maiquinique relata situa\u00e7\u00e3o da comunidade e pede socorro by Cr\u00f4nicas de Itarantim\" width=\"1200\" height=\"400\" scrolling=\"no\" frameborder=\"no\" src=\"https:\/\/w.soundcloud.com\/player\/?visual=true&#038;url=https%3A%2F%2Fapi.soundcloud.com%2Ftracks%2F1740499350&#038;show_artwork=true&#038;maxheight=1000&#038;maxwidth=1200\"><\/iframe><\/p>\n","protected":false},"excerpt":{"rendered":"<p>Uma moradora da comunidade do Tinga, uma comunidade de quilombo que fica localizada no munic\u00edpio, fez s\u00e9rias den\u00fancias e cobran\u00e7as \u00e0 prefeita Val\u00e9ria Silveira (Podemos). A mulher de nome Patr\u00edcia \u00e9 uma das l\u00edderes da comunidade que todos os s\u00e1bados leva sua produ\u00e7\u00e3o da Agricultura Familiar para vender na Feira Livre da cidade e a produ\u00e7\u00e3o\u00a0da comunidade praticamente abastece a feira no dia de s\u00e1bado. Enviado para nossa reda\u00e7\u00e3o, Patr\u00edcia afirma que a comunidade est\u00e1\u00a0abandonada pela gest\u00e3o da prefeita Val\u00e9ria que tem pouco dado assist\u00eancia a comunidade. No \u00e1udio\u00a0enviado para nossa reda\u00e7\u00e3o (confira abaixo) ela pede socorro e diz que [&hellip;]<\/p>\n","protected":false},"author":4,"featured_media":161588,"comment_status":"open","ping_status":"open","sticky":false,"template":"","format":"standard","meta":[],"categories":[304],"tags":[553,1026,1780,1765,1762],"_links":{"self":[{"href":"https:\/\/www.cronicasdeitarantim.com.br\/v1\/wp-json\/wp\/v2\/posts\/161587"}],"collection":[{"href":"https:\/\/www.cronicasdeitarantim.com.br\/v1\/wp-json\/wp\/v2\/posts"}],"about":[{"href":"https:\/\/www.cronicasdeitarantim.com.br\/v1\/wp-json\/wp\/v2\/types\/post"}],"author":[{"embeddable":true,"href":"https:\/\/www.cronicasdeitarantim.com.br\/v1\/wp-json\/wp\/v2\/users\/4"}],"replies":[{"embeddable":true,"href":"https:\/\/www.cronicasdeitarantim.com.br\/v1\/wp-json\/wp\/v2\/comments?post=161587"}],"version-history":[{"count":1,"href":"https:\/\/www.cronicasdeitarantim.com.br\/v1\/wp-json\/wp\/v2\/posts\/161587\/revisions"}],"predecessor-version":[{"id":161589,"href":"https:\/\/www.cronicasdeitarantim.com.br\/v1\/wp-json\/wp\/v2\/posts\/161587\/revisions\/161589"}],"wp:featuredmedia":[{"embeddable":true,"href":"https:\/\/www.cronicasdeitarantim.com.br\/v1\/wp-json\/wp\/v2\/media\/161588"}],"wp:attachment":[{"href":"https:\/\/www.cronicasdeitarantim.com.br\/v1\/wp-json\/wp\/v2\/media?parent=161587"}],"wp:term":[{"taxonomy":"category","embeddable":true,"href":"https:\/\/www.cronicasdeitarantim.com.br\/v1\/wp-json\/wp\/v2\/categories?post=161587"},{"taxonomy":"post_tag","embeddable":true,"href":"https:\/\/www.cronicasdeitarantim.com.br\/v1\/wp-json\/wp\/v2\/tags?post=161587"}],"curies":[{"name":"wp","href":"https:\/\/api.w.org\/{rel}","templated":true}]}}