{"id":161539,"date":"2024-02-05T20:14:47","date_gmt":"2024-02-05T23:14:47","guid":{"rendered":"https:\/\/www.cronicasdeitarantim.com.br\/v1\/?p=161539"},"modified":"2024-02-05T22:12:53","modified_gmt":"2024-02-06T01:12:53","slug":"maiquinique-diante-do-desastre-administrativo-da-prefeita-valeria-secretario-pede-demissao","status":"publish","type":"post","link":"https:\/\/www.cronicasdeitarantim.com.br\/v1\/2024\/02\/05\/maiquinique-diante-do-desastre-administrativo-da-prefeita-valeria-secretario-pede-demissao\/","title":{"rendered":"Maiquinique: Diante do desastre administrativo da prefeita Val\u00e9ria, secret\u00e1rio pede demiss\u00e3o"},"content":{"rendered":"<h4>O Secret\u00e1rio de Planejamento da Prefeitura de Maiquinique, Rafael de Jesus, pediu demiss\u00e3o nesta segunda-feira (05) do cargo atrav\u00e9s de uma carta apresentada \u00e0 prefeita. O Secret\u00e1rio fez s\u00e9rias den\u00fancias na semana passada do governo da prefeita Val\u00e9ria Silveira (Podemos) com gastos de recursos p\u00fablicos sem servi\u00e7os prestados.<\/h4>\n<h4>O Secret\u00e1rio pede demiss\u00e3o num momento em que o governo enfrenta uma crise administrativa em que o governo da prefeita n\u00e3o consegue acertar. Anteriormente o Secret\u00e1rio afirmou para nossa reda\u00e7\u00e3o que estaria elaborando uma s\u00e9rie de den\u00fancias de notas frias da Prefeitura, de algumas Secretarias do munic\u00edpio.<\/h4>\n<h4>Rafael foi um dos principais articuladores do governo da prefeita na elei\u00e7\u00e3o. No processo do ex-prefeito Jesulino Porto tamb\u00e9m foi o mentor que resultou na cassa\u00e7\u00e3o do gestor por abuso do poder econ\u00f4mico deixando o ex-prefeito ineleg\u00edvel.<\/h4>\n<h4>Na carta, o Secret\u00e1rio afirma que durante seu trabalho, nas pastas em que ficou, sempre orientou a prefeita sobre o projeto da gest\u00e3o que com o passar do tempo foi perdendo os trilhos ficando insustent\u00e1vel permanecer.<\/h4>\n<blockquote><p>Irei atuar em minha profiss\u00e3o Joca. A Prefeita me fez uma proposta de continuar contribuindo com a gest\u00e3o, por\u00e9m, n\u00e3o lapidaram muito bem como seria isso. No entanto, estou decidido a me afastar por hora, da gest\u00e3o p\u00fablica. H\u00e1 nesse momento muita incompatibilidade de pensamentos em rela\u00e7\u00e3o \u00e0 postura e \u00e0 forma de condu\u00e7\u00e3o da mesma por parte da Gestora, e acredito que ser\u00e1 o melhor para mim e para minha vida profissional e familiar, disse.<\/p><\/blockquote>\n<p><a href=\"https:\/\/www.cronicasdeitarantim.com.br\/v1\/wp-content\/uploads\/2024\/02\/WhatsApp-Image-2024-02-05-at-20.49.41.jpeg\"><img decoding=\"async\" loading=\"lazy\" class=\"alignnone size-full wp-image-161544\" src=\"https:\/\/www.cronicasdeitarantim.com.br\/v1\/wp-content\/uploads\/2024\/02\/WhatsApp-Image-2024-02-05-at-20.49.41.jpeg\" alt=\"\" width=\"626\" height=\"800\" srcset=\"https:\/\/www.cronicasdeitarantim.com.br\/v1\/wp-content\/uploads\/2024\/02\/WhatsApp-Image-2024-02-05-at-20.49.41.jpeg 626w, https:\/\/www.cronicasdeitarantim.com.br\/v1\/wp-content\/uploads\/2024\/02\/WhatsApp-Image-2024-02-05-at-20.49.41-235x300.jpeg 235w, https:\/\/www.cronicasdeitarantim.com.br\/v1\/wp-content\/uploads\/2024\/02\/WhatsApp-Image-2024-02-05-at-20.49.41-400x511.jpeg 400w, https:\/\/www.cronicasdeitarantim.com.br\/v1\/wp-content\/uploads\/2024\/02\/WhatsApp-Image-2024-02-05-at-20.49.41-470x600.jpeg 470w\" sizes=\"(max-width: 626px) 100vw, 626px\" \/><\/a><\/p>\n<p>&nbsp;<\/p>\n<p>&nbsp;<\/p>\n","protected":false},"excerpt":{"rendered":"<p>O Secret\u00e1rio de Planejamento da Prefeitura de Maiquinique, Rafael de Jesus, pediu demiss\u00e3o nesta segunda-feira (05) do cargo atrav\u00e9s de uma carta apresentada \u00e0 prefeita. O Secret\u00e1rio fez s\u00e9rias den\u00fancias na semana passada do governo da prefeita Val\u00e9ria Silveira (Podemos) com gastos de recursos p\u00fablicos sem servi\u00e7os prestados. O Secret\u00e1rio pede demiss\u00e3o num momento em que o governo enfrenta uma crise administrativa em que o governo da prefeita n\u00e3o consegue acertar. Anteriormente o Secret\u00e1rio afirmou para nossa reda\u00e7\u00e3o que estaria elaborando uma s\u00e9rie de den\u00fancias de notas frias da Prefeitura, de algumas Secretarias do munic\u00edpio. Rafael foi um dos principais [&hellip;]<\/p>\n","protected":false},"author":4,"featured_media":161540,"comment_status":"open","ping_status":"open","sticky":false,"template":"","format":"standard","meta":[],"categories":[304],"tags":[2620,2364,608,1780,2318,392],"_links":{"self":[{"href":"https:\/\/www.cronicasdeitarantim.com.br\/v1\/wp-json\/wp\/v2\/posts\/161539"}],"collection":[{"href":"https:\/\/www.cronicasdeitarantim.com.br\/v1\/wp-json\/wp\/v2\/posts"}],"about":[{"href":"https:\/\/www.cronicasdeitarantim.com.br\/v1\/wp-json\/wp\/v2\/types\/post"}],"author":[{"embeddable":true,"href":"https:\/\/www.cronicasdeitarantim.com.br\/v1\/wp-json\/wp\/v2\/users\/4"}],"replies":[{"embeddable":true,"href":"https:\/\/www.cronicasdeitarantim.com.br\/v1\/wp-json\/wp\/v2\/comments?post=161539"}],"version-history":[{"count":6,"href":"https:\/\/www.cronicasdeitarantim.com.br\/v1\/wp-json\/wp\/v2\/posts\/161539\/revisions"}],"predecessor-version":[{"id":161547,"href":"https:\/\/www.cronicasdeitarantim.com.br\/v1\/wp-json\/wp\/v2\/posts\/161539\/revisions\/161547"}],"wp:featuredmedia":[{"embeddable":true,"href":"https:\/\/www.cronicasdeitarantim.com.br\/v1\/wp-json\/wp\/v2\/media\/161540"}],"wp:attachment":[{"href":"https:\/\/www.cronicasdeitarantim.com.br\/v1\/wp-json\/wp\/v2\/media?parent=161539"}],"wp:term":[{"taxonomy":"category","embeddable":true,"href":"https:\/\/www.cronicasdeitarantim.com.br\/v1\/wp-json\/wp\/v2\/categories?post=161539"},{"taxonomy":"post_tag","embeddable":true,"href":"https:\/\/www.cronicasdeitarantim.com.br\/v1\/wp-json\/wp\/v2\/tags?post=161539"}],"curies":[{"name":"wp","href":"https:\/\/api.w.org\/{rel}","templated":true}]}}