{"id":161446,"date":"2024-02-04T17:34:58","date_gmt":"2024-02-04T20:34:58","guid":{"rendered":"https:\/\/www.cronicasdeitarantim.com.br\/v1\/?p=161446"},"modified":"2024-02-04T17:35:08","modified_gmt":"2024-02-04T20:35:08","slug":"maquinique-homem-e-esfaqueado-e-transferido-para-vitoria-da-conquista","status":"publish","type":"post","link":"https:\/\/www.cronicasdeitarantim.com.br\/v1\/2024\/02\/04\/maquinique-homem-e-esfaqueado-e-transferido-para-vitoria-da-conquista\/","title":{"rendered":"Maquinique: Homem \u00e9 esfaqueado e transferido para vit\u00f3ria da Conquista"},"content":{"rendered":"<h4>Um homem que foi identificado pelo pronome de Higo sofreu uma tentativa de homic\u00eddio na madrugada deste domingo (04) na cidade de Maiquinique. De acordo com informa\u00e7\u00f5es de familiares, o homem recebeu duas facadas nas costas e uma delas atingiu o rim, deixando o homem em estado grave, sendo necess\u00e1rio a transfer\u00eancia para Vit\u00f3ria da Conquista, onde se encontra entubado depois da opera\u00e7\u00e3o.<\/h4>\n<h4>Ainda de acordo com familiares, Higo estava num evento particular que estava sendo realizado na cidade e, ao sair deste evento, ocorreu a tentativa de homic\u00eddio.<\/h4>\n<h4>N\u00e3o temos informa\u00e7\u00f5es sobre a motiva\u00e7\u00e3o da tentativa do homic\u00eddio e nem da identidade do autor. Tentamos entrar em contato com a pol\u00edcia da cidade para obter mais informa\u00e7\u00f5es da pris\u00e3o de algu\u00e9m, mas at\u00e9 o fechamento desta reportagem n\u00e3o tivemos resposta.<\/h4>\n<h4><\/h4>\n<p>&nbsp;<\/p>\n","protected":false},"excerpt":{"rendered":"<p>Um homem que foi identificado pelo pronome de Higo sofreu uma tentativa de homic\u00eddio na madrugada deste domingo (04) na cidade de Maiquinique. De acordo com informa\u00e7\u00f5es de familiares, o homem recebeu duas facadas nas costas e uma delas atingiu o rim, deixando o homem em estado grave, sendo necess\u00e1rio a transfer\u00eancia para Vit\u00f3ria da Conquista, onde se encontra entubado depois da opera\u00e7\u00e3o. Ainda de acordo com familiares, Higo estava num evento particular que estava sendo realizado na cidade e, ao sair deste evento, ocorreu a tentativa de homic\u00eddio. N\u00e3o temos informa\u00e7\u00f5es sobre a motiva\u00e7\u00e3o da tentativa do homic\u00eddio e [&hellip;]<\/p>\n","protected":false},"author":4,"featured_media":160320,"comment_status":"open","ping_status":"open","sticky":false,"template":"","format":"standard","meta":[],"categories":[306],"tags":[1780,2630,555,485,392,434,2438,444],"_links":{"self":[{"href":"https:\/\/www.cronicasdeitarantim.com.br\/v1\/wp-json\/wp\/v2\/posts\/161446"}],"collection":[{"href":"https:\/\/www.cronicasdeitarantim.com.br\/v1\/wp-json\/wp\/v2\/posts"}],"about":[{"href":"https:\/\/www.cronicasdeitarantim.com.br\/v1\/wp-json\/wp\/v2\/types\/post"}],"author":[{"embeddable":true,"href":"https:\/\/www.cronicasdeitarantim.com.br\/v1\/wp-json\/wp\/v2\/users\/4"}],"replies":[{"embeddable":true,"href":"https:\/\/www.cronicasdeitarantim.com.br\/v1\/wp-json\/wp\/v2\/comments?post=161446"}],"version-history":[{"count":2,"href":"https:\/\/www.cronicasdeitarantim.com.br\/v1\/wp-json\/wp\/v2\/posts\/161446\/revisions"}],"predecessor-version":[{"id":161448,"href":"https:\/\/www.cronicasdeitarantim.com.br\/v1\/wp-json\/wp\/v2\/posts\/161446\/revisions\/161448"}],"wp:featuredmedia":[{"embeddable":true,"href":"https:\/\/www.cronicasdeitarantim.com.br\/v1\/wp-json\/wp\/v2\/media\/160320"}],"wp:attachment":[{"href":"https:\/\/www.cronicasdeitarantim.com.br\/v1\/wp-json\/wp\/v2\/media?parent=161446"}],"wp:term":[{"taxonomy":"category","embeddable":true,"href":"https:\/\/www.cronicasdeitarantim.com.br\/v1\/wp-json\/wp\/v2\/categories?post=161446"},{"taxonomy":"post_tag","embeddable":true,"href":"https:\/\/www.cronicasdeitarantim.com.br\/v1\/wp-json\/wp\/v2\/tags?post=161446"}],"curies":[{"name":"wp","href":"https:\/\/api.w.org\/{rel}","templated":true}]}}