{"id":161391,"date":"2024-02-01T15:09:36","date_gmt":"2024-02-01T18:09:36","guid":{"rendered":"https:\/\/www.cronicasdeitarantim.com.br\/v1\/?p=161391"},"modified":"2024-02-01T15:09:36","modified_gmt":"2024-02-01T18:09:36","slug":"brasil-justica-autoriza-cultivo-de-cannabis-em-casa-para-uso-medicinal","status":"publish","type":"post","link":"https:\/\/www.cronicasdeitarantim.com.br\/v1\/2024\/02\/01\/brasil-justica-autoriza-cultivo-de-cannabis-em-casa-para-uso-medicinal\/","title":{"rendered":"Brasil: Justi\u00e7a autoriza cultivo de cannabis em casa, para uso medicinal"},"content":{"rendered":"<div class=\"entry-content\">\n<h4>O vice-presidente do Superior Tribunal de Justi\u00e7a (STJ), ministro Og Fernandes, autorizou duas pessoas a cultivar, de forma domiciliar, plantas de Cannabis Sativa sem correr o risco de qualquer repres\u00e1lia por parte das autoridades.\u00a0 A decis\u00e3o do magistrado se deu em raz\u00e3o de necessidade m\u00e9dica comprovada pelos requerentes.<\/h4>\n<h4>\u00a0\u00a0No caso em quest\u00e3o, duas pessoas submeteram recurso em habeas corpus ao STJ. Na a\u00e7\u00e3o, a defesa alegou que as acusadas possu\u00edam problemas de sa\u00fade sujeitos a tratamento com subst\u00e2ncias que v\u00eam da Cannabis, como por exemplo \u201ctranstorno de ansiedade generalizada, transtorno de p\u00e2nico, dor cr\u00f4nica e dist\u00farbios de aten\u00e7\u00e3o\u201d.<\/h4>\n<h4>Para comprovar as alega\u00e7\u00f5es, a defesa apresentou uma autoriza\u00e7\u00e3o da Ag\u00eancia Nacional de Vigil\u00e2ncia Sanit\u00e1ria (Anvisa) para\u00a0 importa\u00e7\u00e3o dos medicamentos e produtos medicinais vindos da Cannabis. Ainda foram apresentados laudos m\u00e9dicos que comprovam a necessidade e condi\u00e7\u00f5es de ditas.<\/h4>\n<h4>\u00a0Os medicamentos n\u00e3o s\u00e3o vendidos nos mercados farmac\u00eauticos, e possuem um custo elevado. Apesar da autoriza\u00e7\u00e3o da Anvisa, um dos pacientes disse n\u00e3o ter condi\u00e7\u00f5es de arcar com o tratamento, motivo pelo qual buscou na Justi\u00e7a, o habeas corpus preventivo para poder ter o direito de ter o cultivo da planta sem o sofrimento de consequ\u00eancias penais.<\/h4>\n<h4>\u00a0\u00a0O outro paciente disse que mesmo possuindo a autoriza\u00e7\u00e3o do \u00f3rg\u00e3o para a importa\u00e7\u00e3o, ele utiliza somente produtos de cultivo pr\u00f3prio, porque alguns outros que s\u00e3o prescritos, a exemplo de uso de flores in natura, n\u00e3o est\u00e3o dispon\u00edveis para compra no mercado nacional ou internacional.<\/h4>\n<h4>De in\u00edcio, todos os pedidos obtiveram rejei\u00e7\u00e3o dos tribunais estaduais paulista e mineiro, que inicialmente foram respons\u00e1veis por julgar os casos. O TJSP e TJMG chegaram a conclus\u00e3o que a autoriza\u00e7\u00e3o de plantio e cultivo depender\u00e1 de an\u00e1lise t\u00e9cnica julgada pela \u00e0 Anvisa.<\/h4>\n<h4>Conforme o ministro Og Fernandes, os pacientes apresentaram uma documenta\u00e7\u00e3o que comprova as suas necessidades de sa\u00fade, a exemplo de receitas m\u00e9dicas, autoriza\u00e7\u00f5es para importa\u00e7\u00e3o e evid\u00eancias de que os tratamentos m\u00e9dicos tradicionais n\u00e3o trouxeram resultados iguais aos obtidos pelo \u00f3leo canabidiol.<\/h4>\n<h4>\u00a0\u00a0O ministro salientou que, em virtude da falta da regulamenta\u00e7\u00e3o prevista no artigo 2\u00ba, par\u00e1grafo \u00fanico, da Lei 11.343\/2006 (Lei de Drogas) e segundo os precedentes do STJ, a a\u00e7\u00e3o de cultivar a planta para resultados medicinais n\u00e3o \u00e9 considerada crime.<\/h4>\n<h4>\u00a0\u00a0Com essa interpreta\u00e7\u00e3o, apontou, diversos ac\u00f3rd\u00e3os j\u00e1 concederam salvo-conduto para permitir que pessoas com determinados problemas de sa\u00fade pudessem realizar o cultivo e a manipula\u00e7\u00e3o da Cannabis.<\/h4>\n<h4>\u00a0At\u00e9 o julgamento de m\u00e9rito dos recursos ordin\u00e1rios pelas turmas competentes no STJ, o ministro deu reconhecimento \u00e0 viabilidade jur\u00eddica dos pedidos e entendeu que seria mais sensato proteger o direito \u00e0 sa\u00fade dos envolvidos. (Com informa\u00e7\u00f5es do Bahia Not\u00edcias).<\/h4>\n<\/div>\n<footer class=\"entry-footer\">\n<div class=\"breadcrumb\">\n<div id=\"st-5\" class=\"sharethis-inline-share-buttons st-justified st-lang-pt st-has-labels  st-inline-share-buttons st-animated\" data-title=\"STJ autoriza cultivo de cannabis em casa, para uso medicinal\" data-url=\"https:\/\/justicanointerior.com.br\/stj-autoriza-cultivo-de-cannabis-em-casa-para-uso-medicinal\/\"><\/div>\n<\/div>\n<\/footer>\n","protected":false},"excerpt":{"rendered":"<p>O vice-presidente do Superior Tribunal de Justi\u00e7a (STJ), ministro Og Fernandes, autorizou duas pessoas a cultivar, de forma domiciliar, plantas de Cannabis Sativa sem correr o risco de qualquer repres\u00e1lia por parte das autoridades.\u00a0 A decis\u00e3o do magistrado se deu em raz\u00e3o de necessidade m\u00e9dica comprovada pelos requerentes. \u00a0\u00a0No caso em quest\u00e3o, duas pessoas submeteram recurso em habeas corpus ao STJ. Na a\u00e7\u00e3o, a defesa alegou que as acusadas possu\u00edam problemas de sa\u00fade sujeitos a tratamento com subst\u00e2ncias que v\u00eam da Cannabis, como por exemplo \u201ctranstorno de ansiedade generalizada, transtorno de p\u00e2nico, dor cr\u00f4nica e dist\u00farbios de aten\u00e7\u00e3o\u201d. Para comprovar [&hellip;]<\/p>\n","protected":false},"author":4,"featured_media":161392,"comment_status":"open","ping_status":"open","sticky":false,"template":"","format":"standard","meta":[],"categories":[345],"tags":[433,2085,1780,2086,2621],"_links":{"self":[{"href":"https:\/\/www.cronicasdeitarantim.com.br\/v1\/wp-json\/wp\/v2\/posts\/161391"}],"collection":[{"href":"https:\/\/www.cronicasdeitarantim.com.br\/v1\/wp-json\/wp\/v2\/posts"}],"about":[{"href":"https:\/\/www.cronicasdeitarantim.com.br\/v1\/wp-json\/wp\/v2\/types\/post"}],"author":[{"embeddable":true,"href":"https:\/\/www.cronicasdeitarantim.com.br\/v1\/wp-json\/wp\/v2\/users\/4"}],"replies":[{"embeddable":true,"href":"https:\/\/www.cronicasdeitarantim.com.br\/v1\/wp-json\/wp\/v2\/comments?post=161391"}],"version-history":[{"count":1,"href":"https:\/\/www.cronicasdeitarantim.com.br\/v1\/wp-json\/wp\/v2\/posts\/161391\/revisions"}],"predecessor-version":[{"id":161393,"href":"https:\/\/www.cronicasdeitarantim.com.br\/v1\/wp-json\/wp\/v2\/posts\/161391\/revisions\/161393"}],"wp:featuredmedia":[{"embeddable":true,"href":"https:\/\/www.cronicasdeitarantim.com.br\/v1\/wp-json\/wp\/v2\/media\/161392"}],"wp:attachment":[{"href":"https:\/\/www.cronicasdeitarantim.com.br\/v1\/wp-json\/wp\/v2\/media?parent=161391"}],"wp:term":[{"taxonomy":"category","embeddable":true,"href":"https:\/\/www.cronicasdeitarantim.com.br\/v1\/wp-json\/wp\/v2\/categories?post=161391"},{"taxonomy":"post_tag","embeddable":true,"href":"https:\/\/www.cronicasdeitarantim.com.br\/v1\/wp-json\/wp\/v2\/tags?post=161391"}],"curies":[{"name":"wp","href":"https:\/\/api.w.org\/{rel}","templated":true}]}}