{"id":161354,"date":"2024-01-31T14:32:24","date_gmt":"2024-01-31T17:32:24","guid":{"rendered":"https:\/\/www.cronicasdeitarantim.com.br\/v1\/?p=161354"},"modified":"2024-01-31T14:36:08","modified_gmt":"2024-01-31T17:36:08","slug":"iguai-policia-civil-recupera-veiculo-clonado-que-estava-abandonado-em-ba","status":"publish","type":"post","link":"https:\/\/www.cronicasdeitarantim.com.br\/v1\/2024\/01\/31\/iguai-policia-civil-recupera-veiculo-clonado-que-estava-abandonado-em-ba\/","title":{"rendered":"Igua\u00ed: Pol\u00edcia Civil recupera ve\u00edculo &#8220;clonado&#8221; que estava abandonado em BA"},"content":{"rendered":"<h4>A Pol\u00edcia Civil da cidade Igua\u00ed recebeu informa\u00e7\u00f5es via funcional que um ve\u00edculo preto teria sido abandonado na BA\/262 entre as cidades de Igua\u00ed e Nova Cana\u00e3, tendo os investigadores se deslocado ao local, onde avistaram e procederam com a consulta sendo posteriormente constatado que se travava de um ve\u00edculo \u201cclonado\u201d, onde o chassi e motor estavam com sinais de adultera\u00e7\u00f5es vis\u00edveis.<\/h4>\n<h4>O ve\u00edculo foi encaminhado para a Delegacia Territorial de Igua\u00ed, onde passar\u00e1 por per\u00edcia para identificar o ve\u00edculo. As investiga\u00e7\u00f5es v\u00e3o continuar para apurar quem seria o possuidor e se h\u00e1 mais ve\u00edculos na regi\u00e3o com restri\u00e7\u00e3o, como informou a Pol\u00edcia Civil.<\/h4>\n<h4>Este \u00e9 mais um ve\u00edculo que foi recuperado na cidade pela Pol\u00edcia Civil. Nesta ter\u00e7a-feira (30) os agentes j\u00e1 tinham recuperado uma moto roubada de origem de cidade de S\u00e3o Paulo que estava com um menor de idade.<\/h4>\n","protected":false},"excerpt":{"rendered":"<p>A Pol\u00edcia Civil da cidade Igua\u00ed recebeu informa\u00e7\u00f5es via funcional que um ve\u00edculo preto teria sido abandonado na BA\/262 entre as cidades de Igua\u00ed e Nova Cana\u00e3, tendo os investigadores se deslocado ao local, onde avistaram e procederam com a consulta sendo posteriormente constatado que se travava de um ve\u00edculo \u201cclonado\u201d, onde o chassi e motor estavam com sinais de adultera\u00e7\u00f5es vis\u00edveis. O ve\u00edculo foi encaminhado para a Delegacia Territorial de Igua\u00ed, onde passar\u00e1 por per\u00edcia para identificar o ve\u00edculo. As investiga\u00e7\u00f5es v\u00e3o continuar para apurar quem seria o possuidor e se h\u00e1 mais ve\u00edculos na regi\u00e3o com restri\u00e7\u00e3o, como [&hellip;]<\/p>\n","protected":false},"author":4,"featured_media":161355,"comment_status":"open","ping_status":"open","sticky":false,"template":"","format":"standard","meta":[],"categories":[306],"tags":[1217,1780,825,2619,427,2098],"_links":{"self":[{"href":"https:\/\/www.cronicasdeitarantim.com.br\/v1\/wp-json\/wp\/v2\/posts\/161354"}],"collection":[{"href":"https:\/\/www.cronicasdeitarantim.com.br\/v1\/wp-json\/wp\/v2\/posts"}],"about":[{"href":"https:\/\/www.cronicasdeitarantim.com.br\/v1\/wp-json\/wp\/v2\/types\/post"}],"author":[{"embeddable":true,"href":"https:\/\/www.cronicasdeitarantim.com.br\/v1\/wp-json\/wp\/v2\/users\/4"}],"replies":[{"embeddable":true,"href":"https:\/\/www.cronicasdeitarantim.com.br\/v1\/wp-json\/wp\/v2\/comments?post=161354"}],"version-history":[{"count":2,"href":"https:\/\/www.cronicasdeitarantim.com.br\/v1\/wp-json\/wp\/v2\/posts\/161354\/revisions"}],"predecessor-version":[{"id":161357,"href":"https:\/\/www.cronicasdeitarantim.com.br\/v1\/wp-json\/wp\/v2\/posts\/161354\/revisions\/161357"}],"wp:featuredmedia":[{"embeddable":true,"href":"https:\/\/www.cronicasdeitarantim.com.br\/v1\/wp-json\/wp\/v2\/media\/161355"}],"wp:attachment":[{"href":"https:\/\/www.cronicasdeitarantim.com.br\/v1\/wp-json\/wp\/v2\/media?parent=161354"}],"wp:term":[{"taxonomy":"category","embeddable":true,"href":"https:\/\/www.cronicasdeitarantim.com.br\/v1\/wp-json\/wp\/v2\/categories?post=161354"},{"taxonomy":"post_tag","embeddable":true,"href":"https:\/\/www.cronicasdeitarantim.com.br\/v1\/wp-json\/wp\/v2\/tags?post=161354"}],"curies":[{"name":"wp","href":"https:\/\/api.w.org\/{rel}","templated":true}]}}