{"id":161340,"date":"2024-01-30T22:50:24","date_gmt":"2024-01-31T01:50:24","guid":{"rendered":"https:\/\/www.cronicasdeitarantim.com.br\/v1\/?p=161340"},"modified":"2024-01-30T22:51:19","modified_gmt":"2024-01-31T01:51:19","slug":"itabuna-caminhao-de-combustivel-pega-fogo-na-br-415-em-trecho-conhecida-como-curva-do-boi","status":"publish","type":"post","link":"https:\/\/www.cronicasdeitarantim.com.br\/v1\/2024\/01\/30\/itabuna-caminhao-de-combustivel-pega-fogo-na-br-415-em-trecho-conhecida-como-curva-do-boi\/","title":{"rendered":"Itabuna: Caminh\u00e3o de combust\u00edvel pega fogo na BR\/415 em trecho conhecida como &#8220;Curva do Boi&#8221;"},"content":{"rendered":"<h4>A cabine de um caminh\u00e3o carregado de combust\u00edvel pegou na BR\/415 no trecho conhecido como &#8220;Curva do Boi&#8221; que liga as cidades de Itabuna, no sul da Bahia ao sudoeste nesta ter\u00e7a-feira (30). No momento do inc\u00eandio a rodovia ficou interditada pelo menos por umas duas horas depois do Corpo de Bombeiros da cidade de Itabuna que foi acionado ter debelado as chamas. O motorista informou \u00e0 pol\u00edcia e ao Corpo de Bombeiros que o inc\u00eandio come\u00e7ou depois de um problema numa mangueira que estourou.<\/h4>\n","protected":false},"excerpt":{"rendered":"<p>A cabine de um caminh\u00e3o carregado de combust\u00edvel pegou na BR\/415 no trecho conhecido como &#8220;Curva do Boi&#8221; que liga as cidades de Itabuna, no sul da Bahia ao sudoeste nesta ter\u00e7a-feira (30). No momento do inc\u00eandio a rodovia ficou interditada pelo menos por umas duas horas depois do Corpo de Bombeiros da cidade de Itabuna que foi acionado ter debelado as chamas. O motorista informou \u00e0 pol\u00edcia e ao Corpo de Bombeiros que o inc\u00eandio come\u00e7ou depois de um problema numa mangueira que estourou.<\/p>\n","protected":false},"author":4,"featured_media":161341,"comment_status":"open","ping_status":"open","sticky":false,"template":"","format":"standard","meta":[],"categories":[295],"tags":[2615,2614,1780,1197,774],"_links":{"self":[{"href":"https:\/\/www.cronicasdeitarantim.com.br\/v1\/wp-json\/wp\/v2\/posts\/161340"}],"collection":[{"href":"https:\/\/www.cronicasdeitarantim.com.br\/v1\/wp-json\/wp\/v2\/posts"}],"about":[{"href":"https:\/\/www.cronicasdeitarantim.com.br\/v1\/wp-json\/wp\/v2\/types\/post"}],"author":[{"embeddable":true,"href":"https:\/\/www.cronicasdeitarantim.com.br\/v1\/wp-json\/wp\/v2\/users\/4"}],"replies":[{"embeddable":true,"href":"https:\/\/www.cronicasdeitarantim.com.br\/v1\/wp-json\/wp\/v2\/comments?post=161340"}],"version-history":[{"count":2,"href":"https:\/\/www.cronicasdeitarantim.com.br\/v1\/wp-json\/wp\/v2\/posts\/161340\/revisions"}],"predecessor-version":[{"id":161343,"href":"https:\/\/www.cronicasdeitarantim.com.br\/v1\/wp-json\/wp\/v2\/posts\/161340\/revisions\/161343"}],"wp:featuredmedia":[{"embeddable":true,"href":"https:\/\/www.cronicasdeitarantim.com.br\/v1\/wp-json\/wp\/v2\/media\/161341"}],"wp:attachment":[{"href":"https:\/\/www.cronicasdeitarantim.com.br\/v1\/wp-json\/wp\/v2\/media?parent=161340"}],"wp:term":[{"taxonomy":"category","embeddable":true,"href":"https:\/\/www.cronicasdeitarantim.com.br\/v1\/wp-json\/wp\/v2\/categories?post=161340"},{"taxonomy":"post_tag","embeddable":true,"href":"https:\/\/www.cronicasdeitarantim.com.br\/v1\/wp-json\/wp\/v2\/tags?post=161340"}],"curies":[{"name":"wp","href":"https:\/\/api.w.org\/{rel}","templated":true}]}}