{"id":161322,"date":"2024-01-28T23:15:38","date_gmt":"2024-01-29T02:15:38","guid":{"rendered":"https:\/\/www.cronicasdeitarantim.com.br\/v1\/?p=161322"},"modified":"2024-01-28T23:15:38","modified_gmt":"2024-01-29T02:15:38","slug":"itarantim-homem-fica-com-faca-cravada-nas-costas-depois-de-confusao-que-teve-ate-atropelamento","status":"publish","type":"post","link":"https:\/\/www.cronicasdeitarantim.com.br\/v1\/2024\/01\/28\/itarantim-homem-fica-com-faca-cravada-nas-costas-depois-de-confusao-que-teve-ate-atropelamento\/","title":{"rendered":"Itarantim: Homem fica com faca cravada nas costas depois de confus\u00e3o que teve at\u00e9 atropelamento"},"content":{"rendered":"<h4>Um homem que n\u00e3o teve a sua ainda identidade divulgada, ficou com uma faca cravada nas costas depois de ser esfaqueado numa confus\u00e3o em um bar localizado numa rua do bairro Tancredo Neves (Saracura). Informa\u00e7\u00f5es de parentes d\u00e3o conta que o homem que aplicou os golpes de faca foi identificado pelo nome de Elvis que foi agredido em sua resid\u00eancia e teve a porta de sua casa quebrada.<\/h4>\n<h4>Ap\u00f3s toda essa confus\u00e3o e do homem esfaqueado ser levado para o Hospital Regional de Itarantim com a faca cravada nas costas, um parente do homem que foi esfaqueado atropelou Elvis, que logo ap\u00f3s tamb\u00e9m foi levado ao hospital todo machucado.<\/h4>\n<h4>Informa\u00e7\u00f5es d\u00e3o conta que os dois foram transferidos para cidade de Itapetinga e Vit\u00f3ria da Conquista. Familiares informaram que a situa\u00e7\u00e3o de sa\u00fade de Elvis \u00e9 inst\u00e1vel e n\u00e3o corre risco de morte. J\u00e1 a situa\u00e7\u00e3o do homem que foi esfaqueado, o caso \u00c9 mais complicado e seu estado de sa\u00fade requer cuidados j\u00e1 que a faca ficou cravada.<\/h4>\n","protected":false},"excerpt":{"rendered":"<p>Um homem que n\u00e3o teve a sua ainda identidade divulgada, ficou com uma faca cravada nas costas depois de ser esfaqueado numa confus\u00e3o em um bar localizado numa rua do bairro Tancredo Neves (Saracura). Informa\u00e7\u00f5es de parentes d\u00e3o conta que o homem que aplicou os golpes de faca foi identificado pelo nome de Elvis que foi agredido em sua resid\u00eancia e teve a porta de sua casa quebrada. Ap\u00f3s toda essa confus\u00e3o e do homem esfaqueado ser levado para o Hospital Regional de Itarantim com a faca cravada nas costas, um parente do homem que foi esfaqueado atropelou Elvis, que [&hellip;]<\/p>\n","protected":false},"author":4,"featured_media":161323,"comment_status":"open","ping_status":"open","sticky":false,"template":"","format":"standard","meta":[],"categories":[306],"tags":[1780,385,434,444],"_links":{"self":[{"href":"https:\/\/www.cronicasdeitarantim.com.br\/v1\/wp-json\/wp\/v2\/posts\/161322"}],"collection":[{"href":"https:\/\/www.cronicasdeitarantim.com.br\/v1\/wp-json\/wp\/v2\/posts"}],"about":[{"href":"https:\/\/www.cronicasdeitarantim.com.br\/v1\/wp-json\/wp\/v2\/types\/post"}],"author":[{"embeddable":true,"href":"https:\/\/www.cronicasdeitarantim.com.br\/v1\/wp-json\/wp\/v2\/users\/4"}],"replies":[{"embeddable":true,"href":"https:\/\/www.cronicasdeitarantim.com.br\/v1\/wp-json\/wp\/v2\/comments?post=161322"}],"version-history":[{"count":1,"href":"https:\/\/www.cronicasdeitarantim.com.br\/v1\/wp-json\/wp\/v2\/posts\/161322\/revisions"}],"predecessor-version":[{"id":161324,"href":"https:\/\/www.cronicasdeitarantim.com.br\/v1\/wp-json\/wp\/v2\/posts\/161322\/revisions\/161324"}],"wp:featuredmedia":[{"embeddable":true,"href":"https:\/\/www.cronicasdeitarantim.com.br\/v1\/wp-json\/wp\/v2\/media\/161323"}],"wp:attachment":[{"href":"https:\/\/www.cronicasdeitarantim.com.br\/v1\/wp-json\/wp\/v2\/media?parent=161322"}],"wp:term":[{"taxonomy":"category","embeddable":true,"href":"https:\/\/www.cronicasdeitarantim.com.br\/v1\/wp-json\/wp\/v2\/categories?post=161322"},{"taxonomy":"post_tag","embeddable":true,"href":"https:\/\/www.cronicasdeitarantim.com.br\/v1\/wp-json\/wp\/v2\/tags?post=161322"}],"curies":[{"name":"wp","href":"https:\/\/api.w.org\/{rel}","templated":true}]}}