{"id":161235,"date":"2024-01-24T12:29:54","date_gmt":"2024-01-24T15:29:54","guid":{"rendered":"https:\/\/www.cronicasdeitarantim.com.br\/v1\/?p=161235"},"modified":"2024-01-24T12:29:54","modified_gmt":"2024-01-24T15:29:54","slug":"mpf-e-defensorias-publicas-apontam-envolvimento-de-milicia-de-pms-em-mortes-de-indigenas-na-bahia","status":"publish","type":"post","link":"https:\/\/www.cronicasdeitarantim.com.br\/v1\/2024\/01\/24\/mpf-e-defensorias-publicas-apontam-envolvimento-de-milicia-de-pms-em-mortes-de-indigenas-na-bahia\/","title":{"rendered":"MPF e defensorias p\u00fablicas apontam envolvimento de mil\u00edcia de PMs em mortes de ind\u00edgenas na Bahia"},"content":{"rendered":"<div class=\"styles__Body-sc-1ffquwr-7 ePhtZb\">\n<h4>O MPF e as Defensorias P\u00fablicas da Uni\u00e3o e da Bahia afirmam que o assassinato de ind\u00edgenas tem liga\u00e7\u00e3o com \u00a0com a atua\u00e7\u00e3o de uma mil\u00edcia armada que atua no estado.<\/h4>\n<h4>Investiga\u00e7\u00f5es apontam que o grupo conta com a participa\u00e7\u00e3o de PMs. Segundo comunicado do MPF e das defensorias, as apura\u00e7\u00f5es come\u00e7aram ap\u00f3s a implanta\u00e7\u00e3o de um gabinete de crise instalado pelo Minist\u00e9rio dos Povos Ind\u00edgenas para investigar o assassinato de tr\u00eas jovens ind\u00edgenas no sul da Bahia, entre setembro de 2022 e janeiro de 2023, como informou o portal Metro1.<\/h4>\n<h4>As reuni\u00f5es terminaram sem apontar solu\u00e7\u00f5es para o problema de seguran\u00e7a. O MPF e as defensorias dizem que o governo da Bahia negou solicita\u00e7\u00f5es feitas por lideran\u00e7as ind\u00edgenas para utiliza\u00e7\u00e3o da For\u00e7a Nacional na regi\u00e3o ap\u00f3s as mortes. A gest\u00e3o estadual teria alegado que a seguran\u00e7a poderia ser feita pelas pr\u00f3prias for\u00e7as locais.<\/h4>\n<h4>No \u00faltimo domingo (21) Nega Patax\u00f3 foi assassinada na regi\u00e3o de Potiragu\u00e1, ap\u00f3s fazendeiros tentarem expulsar ind\u00edgenas que ocupavam uma fazenda na regi\u00e3o. O filho de um fazendeiro foi preso e a per\u00edcia (confira reportagem aqui: <a href=\"https:\/\/www.cronicasdeitarantim.com.br\/v1\/2024\/01\/24\/confirmado-tiro-que-matou-indigena-nega-pataxo-saiu-da-arma-de-filho-de-fazendeiro\/\">tiro que matou ind\u00edgena)<\/a> constatou que a bala que matou a l\u00edder ind\u00edgena saiu da arma que estava com o jovem de 20 anos de idade que agora est\u00e1 preso com mais outro homem que \u00e9 um Policial Militar aposentado.<\/h4>\n<\/div>\n","protected":false},"excerpt":{"rendered":"<p>O MPF e as Defensorias P\u00fablicas da Uni\u00e3o e da Bahia afirmam que o assassinato de ind\u00edgenas tem liga\u00e7\u00e3o com \u00a0com a atua\u00e7\u00e3o de uma mil\u00edcia armada que atua no estado. Investiga\u00e7\u00f5es apontam que o grupo conta com a participa\u00e7\u00e3o de PMs. Segundo comunicado do MPF e das defensorias, as apura\u00e7\u00f5es come\u00e7aram ap\u00f3s a implanta\u00e7\u00e3o de um gabinete de crise instalado pelo Minist\u00e9rio dos Povos Ind\u00edgenas para investigar o assassinato de tr\u00eas jovens ind\u00edgenas no sul da Bahia, entre setembro de 2022 e janeiro de 2023, como informou o portal Metro1. As reuni\u00f5es terminaram sem apontar solu\u00e7\u00f5es para o problema [&hellip;]<\/p>\n","protected":false},"author":4,"featured_media":161171,"comment_status":"open","ping_status":"open","sticky":false,"template":"","format":"standard","meta":[],"categories":[295],"tags":[76,1780,1346,941,404,444],"_links":{"self":[{"href":"https:\/\/www.cronicasdeitarantim.com.br\/v1\/wp-json\/wp\/v2\/posts\/161235"}],"collection":[{"href":"https:\/\/www.cronicasdeitarantim.com.br\/v1\/wp-json\/wp\/v2\/posts"}],"about":[{"href":"https:\/\/www.cronicasdeitarantim.com.br\/v1\/wp-json\/wp\/v2\/types\/post"}],"author":[{"embeddable":true,"href":"https:\/\/www.cronicasdeitarantim.com.br\/v1\/wp-json\/wp\/v2\/users\/4"}],"replies":[{"embeddable":true,"href":"https:\/\/www.cronicasdeitarantim.com.br\/v1\/wp-json\/wp\/v2\/comments?post=161235"}],"version-history":[{"count":1,"href":"https:\/\/www.cronicasdeitarantim.com.br\/v1\/wp-json\/wp\/v2\/posts\/161235\/revisions"}],"predecessor-version":[{"id":161236,"href":"https:\/\/www.cronicasdeitarantim.com.br\/v1\/wp-json\/wp\/v2\/posts\/161235\/revisions\/161236"}],"wp:featuredmedia":[{"embeddable":true,"href":"https:\/\/www.cronicasdeitarantim.com.br\/v1\/wp-json\/wp\/v2\/media\/161171"}],"wp:attachment":[{"href":"https:\/\/www.cronicasdeitarantim.com.br\/v1\/wp-json\/wp\/v2\/media?parent=161235"}],"wp:term":[{"taxonomy":"category","embeddable":true,"href":"https:\/\/www.cronicasdeitarantim.com.br\/v1\/wp-json\/wp\/v2\/categories?post=161235"},{"taxonomy":"post_tag","embeddable":true,"href":"https:\/\/www.cronicasdeitarantim.com.br\/v1\/wp-json\/wp\/v2\/tags?post=161235"}],"curies":[{"name":"wp","href":"https:\/\/api.w.org\/{rel}","templated":true}]}}