{"id":161160,"date":"2024-01-19T21:34:28","date_gmt":"2024-01-20T00:34:28","guid":{"rendered":"https:\/\/www.cronicasdeitarantim.com.br\/v1\/?p=161160"},"modified":"2024-01-19T21:34:28","modified_gmt":"2024-01-20T00:34:28","slug":"itarantim-acidente-foi-registrado-na-rua-joana-d-arc-centro-da-cidade","status":"publish","type":"post","link":"https:\/\/www.cronicasdeitarantim.com.br\/v1\/2024\/01\/19\/itarantim-acidente-foi-registrado-na-rua-joana-d-arc-centro-da-cidade\/","title":{"rendered":"Itarantim: Acidente foi registrado na rua Joana D&#8217; Arc centro da cidade"},"content":{"rendered":"<h4>Um acidente foi registrado na noite desta sexta-feira (19) na rua Joana D&#8217; Arc no cruzamento com a Rui Barbosa pr\u00f3ximo \u00e0 casa do ex-vereador do Piri. Uma moto bateu em um ve\u00edculo que estava transitando na Rui Barbosa. Informa\u00e7\u00f5es de pessoas que tiveram no local, ningu\u00e9m se feriu. N\u00e3o temos informa\u00e7\u00f5es dos envolvidos no acidente.<\/h4>\n","protected":false},"excerpt":{"rendered":"<p>Um acidente foi registrado na noite desta sexta-feira (19) na rua Joana D&#8217; Arc no cruzamento com a Rui Barbosa pr\u00f3ximo \u00e0 casa do ex-vereador do Piri. Uma moto bateu em um ve\u00edculo que estava transitando na Rui Barbosa. Informa\u00e7\u00f5es de pessoas que tiveram no local, ningu\u00e9m se feriu. N\u00e3o temos informa\u00e7\u00f5es dos envolvidos no acidente.<\/p>\n","protected":false},"author":4,"featured_media":161161,"comment_status":"open","ping_status":"open","sticky":false,"template":"","format":"standard","meta":[],"categories":[306],"tags":[1372,2590,1780,385],"_links":{"self":[{"href":"https:\/\/www.cronicasdeitarantim.com.br\/v1\/wp-json\/wp\/v2\/posts\/161160"}],"collection":[{"href":"https:\/\/www.cronicasdeitarantim.com.br\/v1\/wp-json\/wp\/v2\/posts"}],"about":[{"href":"https:\/\/www.cronicasdeitarantim.com.br\/v1\/wp-json\/wp\/v2\/types\/post"}],"author":[{"embeddable":true,"href":"https:\/\/www.cronicasdeitarantim.com.br\/v1\/wp-json\/wp\/v2\/users\/4"}],"replies":[{"embeddable":true,"href":"https:\/\/www.cronicasdeitarantim.com.br\/v1\/wp-json\/wp\/v2\/comments?post=161160"}],"version-history":[{"count":1,"href":"https:\/\/www.cronicasdeitarantim.com.br\/v1\/wp-json\/wp\/v2\/posts\/161160\/revisions"}],"predecessor-version":[{"id":161162,"href":"https:\/\/www.cronicasdeitarantim.com.br\/v1\/wp-json\/wp\/v2\/posts\/161160\/revisions\/161162"}],"wp:featuredmedia":[{"embeddable":true,"href":"https:\/\/www.cronicasdeitarantim.com.br\/v1\/wp-json\/wp\/v2\/media\/161161"}],"wp:attachment":[{"href":"https:\/\/www.cronicasdeitarantim.com.br\/v1\/wp-json\/wp\/v2\/media?parent=161160"}],"wp:term":[{"taxonomy":"category","embeddable":true,"href":"https:\/\/www.cronicasdeitarantim.com.br\/v1\/wp-json\/wp\/v2\/categories?post=161160"},{"taxonomy":"post_tag","embeddable":true,"href":"https:\/\/www.cronicasdeitarantim.com.br\/v1\/wp-json\/wp\/v2\/tags?post=161160"}],"curies":[{"name":"wp","href":"https:\/\/api.w.org\/{rel}","templated":true}]}}