{"id":161124,"date":"2024-01-17T18:25:42","date_gmt":"2024-01-17T21:25:42","guid":{"rendered":"https:\/\/www.cronicasdeitarantim.com.br\/v1\/?p=161124"},"modified":"2024-01-17T18:25:42","modified_gmt":"2024-01-17T21:25:42","slug":"uma-boa-noticia-para-os-professores-lula-sanciona-lei-que-garante-plano-de-carreira-e-jornada-reduzida-para-professores","status":"publish","type":"post","link":"https:\/\/www.cronicasdeitarantim.com.br\/v1\/2024\/01\/17\/uma-boa-noticia-para-os-professores-lula-sanciona-lei-que-garante-plano-de-carreira-e-jornada-reduzida-para-professores\/","title":{"rendered":"Uma boa not\u00edcia para os professores: Lula sanciona lei que garante plano de carreira e jornada reduzida para professores"},"content":{"rendered":"<div class=\"styles__Body-sc-1ffquwr-7 ePhtZb\">\n<h4>O presidente Luiz In\u00e1cio Lula da Silva (PT) sancionou, nesta quarta-feira (17), a lei que estabelece as diretrizes para valoriza\u00e7\u00e3o dos professores da rede p\u00fablica. O projeto assegura plano de carreira, forma\u00e7\u00e3o continuada e algumas condi\u00e7\u00f5es de trabalho, como jornada de 40 horas semanais.<\/h4>\n<h4>Al\u00e9m dos professores, a lei define que outros profissionais que exercem fun\u00e7\u00f5es de suporte pedag\u00f3gico ou de suporte t\u00e9cnico e administrativo relacionados \u00e0 atua\u00e7\u00e3o pedag\u00f3gica tamb\u00e9m ser\u00e3o beneficiados.<\/h4>\n<h4>A jornada de 40 horas semanais dever\u00e1 ser, em parte, dedicada a estudos, planejamento e avalia\u00e7\u00e3o, al\u00e9m de garantia da integra\u00e7\u00e3o do trabalho individual com a proposta pedag\u00f3gica da escola. Outras condi\u00e7\u00f5es tamb\u00e9m foram estabelecidas como n\u00famero adequado de estudantes e de turmas, por profissional, al\u00e9m de ambiente f\u00edsico saud\u00e1vel e seguro.<\/h4>\n<\/div>\n","protected":false},"excerpt":{"rendered":"<p>O presidente Luiz In\u00e1cio Lula da Silva (PT) sancionou, nesta quarta-feira (17), a lei que estabelece as diretrizes para valoriza\u00e7\u00e3o dos professores da rede p\u00fablica. O projeto assegura plano de carreira, forma\u00e7\u00e3o continuada e algumas condi\u00e7\u00f5es de trabalho, como jornada de 40 horas semanais. Al\u00e9m dos professores, a lei define que outros profissionais que exercem fun\u00e7\u00f5es de suporte pedag\u00f3gico ou de suporte t\u00e9cnico e administrativo relacionados \u00e0 atua\u00e7\u00e3o pedag\u00f3gica tamb\u00e9m ser\u00e3o beneficiados. A jornada de 40 horas semanais dever\u00e1 ser, em parte, dedicada a estudos, planejamento e avalia\u00e7\u00e3o, al\u00e9m de garantia da integra\u00e7\u00e3o do trabalho individual com a proposta pedag\u00f3gica [&hellip;]<\/p>\n","protected":false},"author":4,"featured_media":161125,"comment_status":"open","ping_status":"open","sticky":false,"template":"","format":"standard","meta":[],"categories":[363],"tags":[433,1780,130,1544,2587],"_links":{"self":[{"href":"https:\/\/www.cronicasdeitarantim.com.br\/v1\/wp-json\/wp\/v2\/posts\/161124"}],"collection":[{"href":"https:\/\/www.cronicasdeitarantim.com.br\/v1\/wp-json\/wp\/v2\/posts"}],"about":[{"href":"https:\/\/www.cronicasdeitarantim.com.br\/v1\/wp-json\/wp\/v2\/types\/post"}],"author":[{"embeddable":true,"href":"https:\/\/www.cronicasdeitarantim.com.br\/v1\/wp-json\/wp\/v2\/users\/4"}],"replies":[{"embeddable":true,"href":"https:\/\/www.cronicasdeitarantim.com.br\/v1\/wp-json\/wp\/v2\/comments?post=161124"}],"version-history":[{"count":1,"href":"https:\/\/www.cronicasdeitarantim.com.br\/v1\/wp-json\/wp\/v2\/posts\/161124\/revisions"}],"predecessor-version":[{"id":161126,"href":"https:\/\/www.cronicasdeitarantim.com.br\/v1\/wp-json\/wp\/v2\/posts\/161124\/revisions\/161126"}],"wp:featuredmedia":[{"embeddable":true,"href":"https:\/\/www.cronicasdeitarantim.com.br\/v1\/wp-json\/wp\/v2\/media\/161125"}],"wp:attachment":[{"href":"https:\/\/www.cronicasdeitarantim.com.br\/v1\/wp-json\/wp\/v2\/media?parent=161124"}],"wp:term":[{"taxonomy":"category","embeddable":true,"href":"https:\/\/www.cronicasdeitarantim.com.br\/v1\/wp-json\/wp\/v2\/categories?post=161124"},{"taxonomy":"post_tag","embeddable":true,"href":"https:\/\/www.cronicasdeitarantim.com.br\/v1\/wp-json\/wp\/v2\/tags?post=161124"}],"curies":[{"name":"wp","href":"https:\/\/api.w.org\/{rel}","templated":true}]}}