{"id":161117,"date":"2024-01-17T13:08:44","date_gmt":"2024-01-17T16:08:44","guid":{"rendered":"https:\/\/www.cronicasdeitarantim.com.br\/v1\/?p=161117"},"modified":"2024-01-17T13:08:44","modified_gmt":"2024-01-17T16:08:44","slug":"bahia-indigena-e-morto-com-golpes-de-machado-dentro-de-residencia-no-extremo-sul-baiano","status":"publish","type":"post","link":"https:\/\/www.cronicasdeitarantim.com.br\/v1\/2024\/01\/17\/bahia-indigena-e-morto-com-golpes-de-machado-dentro-de-residencia-no-extremo-sul-baiano\/","title":{"rendered":"Bahia: Ind\u00edgena \u00e9 morto com golpes de machado dentro de resid\u00eancia no extremo sul baiano"},"content":{"rendered":"<h4>Um homem de 43 anos de idade residente na aldeia de Barra velha, em Porto Seguro, no extremo sul da Bahia, foi morto a golpes de machado na noite da \u00faltima segunda-feira (15). A v\u00edtima foi identificada como Roberto Braz Ferreira.<\/h4>\n<h4>A causa da morte do ind\u00edgena ainda \u00e9 desconhecida e a Pol\u00edcia Civil informou que as investiga\u00e7\u00f5es est\u00e3o em andamento para descobrir a autoria do crime que chocou a aldeia. Segundo informou moradores da localidade, Roberto era muito tranquilo e n\u00e3o havia nenhuma suspeita dele de envolvimento em conflitos. Seu corpo foi encontrado dentro de sua casa com marcas de golpes de machado.<\/h4>\n<h4>Lembrando que este \u00e9 o segundo caso de morte de ind\u00edgena num curto espa\u00e7o de menos de dois meses, no ano passado o cacique Lucas da aldeia Patax\u00f3 H\u00e3-H\u00e3-H\u00e3e foi assassinado a tiros na estrada de Pau Brasil, no munic\u00edpio de Itaj\u00fa do Col\u00f4nia, no sul da Bahia, informa\u00e7\u00f5es da pol\u00edcia apontaram que ele foi morto numa emboscada em uma estrada vicinal.<\/h4>\n<h4>Dados apontaram que entre os anos de 2022-2023 seis ind\u00edgenas foram mortos no sul da Bahia, entre eles duas crian\u00e7as foram executadas, a maioria destes caso por conta de conflitos envolvendo seus territ\u00f3rios.<\/h4>\n","protected":false},"excerpt":{"rendered":"<p>Um homem de 43 anos de idade residente na aldeia de Barra velha, em Porto Seguro, no extremo sul da Bahia, foi morto a golpes de machado na noite da \u00faltima segunda-feira (15). A v\u00edtima foi identificada como Roberto Braz Ferreira. A causa da morte do ind\u00edgena ainda \u00e9 desconhecida e a Pol\u00edcia Civil informou que as investiga\u00e7\u00f5es est\u00e3o em andamento para descobrir a autoria do crime que chocou a aldeia. Segundo informou moradores da localidade, Roberto era muito tranquilo e n\u00e3o havia nenhuma suspeita dele de envolvimento em conflitos. Seu corpo foi encontrado dentro de sua casa com marcas [&hellip;]<\/p>\n","protected":false},"author":4,"featured_media":161118,"comment_status":"open","ping_status":"open","sticky":false,"template":"","format":"standard","meta":[],"categories":[295],"tags":[76,1780,404,444],"_links":{"self":[{"href":"https:\/\/www.cronicasdeitarantim.com.br\/v1\/wp-json\/wp\/v2\/posts\/161117"}],"collection":[{"href":"https:\/\/www.cronicasdeitarantim.com.br\/v1\/wp-json\/wp\/v2\/posts"}],"about":[{"href":"https:\/\/www.cronicasdeitarantim.com.br\/v1\/wp-json\/wp\/v2\/types\/post"}],"author":[{"embeddable":true,"href":"https:\/\/www.cronicasdeitarantim.com.br\/v1\/wp-json\/wp\/v2\/users\/4"}],"replies":[{"embeddable":true,"href":"https:\/\/www.cronicasdeitarantim.com.br\/v1\/wp-json\/wp\/v2\/comments?post=161117"}],"version-history":[{"count":1,"href":"https:\/\/www.cronicasdeitarantim.com.br\/v1\/wp-json\/wp\/v2\/posts\/161117\/revisions"}],"predecessor-version":[{"id":161119,"href":"https:\/\/www.cronicasdeitarantim.com.br\/v1\/wp-json\/wp\/v2\/posts\/161117\/revisions\/161119"}],"wp:featuredmedia":[{"embeddable":true,"href":"https:\/\/www.cronicasdeitarantim.com.br\/v1\/wp-json\/wp\/v2\/media\/161118"}],"wp:attachment":[{"href":"https:\/\/www.cronicasdeitarantim.com.br\/v1\/wp-json\/wp\/v2\/media?parent=161117"}],"wp:term":[{"taxonomy":"category","embeddable":true,"href":"https:\/\/www.cronicasdeitarantim.com.br\/v1\/wp-json\/wp\/v2\/categories?post=161117"},{"taxonomy":"post_tag","embeddable":true,"href":"https:\/\/www.cronicasdeitarantim.com.br\/v1\/wp-json\/wp\/v2\/tags?post=161117"}],"curies":[{"name":"wp","href":"https:\/\/api.w.org\/{rel}","templated":true}]}}