{"id":161032,"date":"2024-01-12T15:46:38","date_gmt":"2024-01-12T18:46:38","guid":{"rendered":"https:\/\/www.cronicasdeitarantim.com.br\/v1\/?p=161032"},"modified":"2024-01-12T15:51:48","modified_gmt":"2024-01-12T18:51:48","slug":"policia-vice-prefeito-de-itape-no-sul-da-bahia-e-preso-em-itabuna","status":"publish","type":"post","link":"https:\/\/www.cronicasdeitarantim.com.br\/v1\/2024\/01\/12\/policia-vice-prefeito-de-itape-no-sul-da-bahia-e-preso-em-itabuna\/","title":{"rendered":"Pol\u00edcia: Vice-prefeito de Itap\u00e9 no sul da Bahia \u00e9 preso em Itabuna"},"content":{"rendered":"<h4>O vice-prefeito, Andr\u00e9 Jatob\u00e1, da cidade de Itap\u00e9, no sul da Bahia, foi preso na manh\u00e3 desta sexta-feira (12) na cidade de Itabuna. De acordo com informa\u00e7\u00f5es do site Pol\u00edticos do Sul da Bahia, havia um mandado de busca e apreens\u00e3o contra Jatob\u00e1 e em sua casa havia armas, explosivos e drogas.<\/h4>\n<h4>Ainda de acordo o site Andr\u00e9 amea\u00e7ou a namorada resultando numa medida protetiva com um cumprimento de mandado que resultou na pris\u00e3o do vice-prefeito.<\/h4>\n<h4>O vice-prefeito \u00e9 filiado a Uni\u00e3o Brasil e foi eleito na chapa do prefeito Naeliton Rosa Pinto do Partido Progressista (PP).<\/h4>\n","protected":false},"excerpt":{"rendered":"<p>O vice-prefeito, Andr\u00e9 Jatob\u00e1, da cidade de Itap\u00e9, no sul da Bahia, foi preso na manh\u00e3 desta sexta-feira (12) na cidade de Itabuna. De acordo com informa\u00e7\u00f5es do site Pol\u00edticos do Sul da Bahia, havia um mandado de busca e apreens\u00e3o contra Jatob\u00e1 e em sua casa havia armas, explosivos e drogas. Ainda de acordo o site Andr\u00e9 amea\u00e7ou a namorada resultando numa medida protetiva com um cumprimento de mandado que resultou na pris\u00e3o do vice-prefeito. O vice-prefeito \u00e9 filiado a Uni\u00e3o Brasil e foi eleito na chapa do prefeito Naeliton Rosa Pinto do Partido Progressista (PP).<\/p>\n","protected":false},"author":4,"featured_media":161033,"comment_status":"open","ping_status":"open","sticky":false,"template":"","format":"standard","meta":[],"categories":[306],"tags":[76,1780,2576,1479,1888],"_links":{"self":[{"href":"https:\/\/www.cronicasdeitarantim.com.br\/v1\/wp-json\/wp\/v2\/posts\/161032"}],"collection":[{"href":"https:\/\/www.cronicasdeitarantim.com.br\/v1\/wp-json\/wp\/v2\/posts"}],"about":[{"href":"https:\/\/www.cronicasdeitarantim.com.br\/v1\/wp-json\/wp\/v2\/types\/post"}],"author":[{"embeddable":true,"href":"https:\/\/www.cronicasdeitarantim.com.br\/v1\/wp-json\/wp\/v2\/users\/4"}],"replies":[{"embeddable":true,"href":"https:\/\/www.cronicasdeitarantim.com.br\/v1\/wp-json\/wp\/v2\/comments?post=161032"}],"version-history":[{"count":3,"href":"https:\/\/www.cronicasdeitarantim.com.br\/v1\/wp-json\/wp\/v2\/posts\/161032\/revisions"}],"predecessor-version":[{"id":161036,"href":"https:\/\/www.cronicasdeitarantim.com.br\/v1\/wp-json\/wp\/v2\/posts\/161032\/revisions\/161036"}],"wp:featuredmedia":[{"embeddable":true,"href":"https:\/\/www.cronicasdeitarantim.com.br\/v1\/wp-json\/wp\/v2\/media\/161033"}],"wp:attachment":[{"href":"https:\/\/www.cronicasdeitarantim.com.br\/v1\/wp-json\/wp\/v2\/media?parent=161032"}],"wp:term":[{"taxonomy":"category","embeddable":true,"href":"https:\/\/www.cronicasdeitarantim.com.br\/v1\/wp-json\/wp\/v2\/categories?post=161032"},{"taxonomy":"post_tag","embeddable":true,"href":"https:\/\/www.cronicasdeitarantim.com.br\/v1\/wp-json\/wp\/v2\/tags?post=161032"}],"curies":[{"name":"wp","href":"https:\/\/api.w.org\/{rel}","templated":true}]}}