{"id":160955,"date":"2024-01-09T17:51:15","date_gmt":"2024-01-09T20:51:15","guid":{"rendered":"https:\/\/www.cronicasdeitarantim.com.br\/v1\/?p=160955"},"modified":"2024-01-09T18:18:48","modified_gmt":"2024-01-09T21:18:48","slug":"urgente-homem-de-macarani-acaba-de-ser-morto-na-rodovia-que-liga-itapetinga-a-macarani","status":"publish","type":"post","link":"https:\/\/www.cronicasdeitarantim.com.br\/v1\/2024\/01\/09\/urgente-homem-de-macarani-acaba-de-ser-morto-na-rodovia-que-liga-itapetinga-a-macarani\/","title":{"rendered":"Urgente: Homem de Macarani acaba de ser morto na rodovia que liga Itapetinga a Macarani"},"content":{"rendered":"<h4>Um homic\u00eddio acaba de acontecer neste exato momento na rodovia que liga as cidades de Itapetinga a Macarani. De acordo com informa\u00e7\u00f5es de populares que est\u00e3o no local, o homem estava numa motocicleta e foi encontrado ca\u00eddo na margem na rodovia bem antes da ponte do Rio Pardo, numa localidade pr\u00f3ximo a fazenda de Noilton, com v\u00e1rias perfura\u00e7\u00f5es de arma de fogo.<\/h4>\n<h4>Informa\u00e7\u00f5es preliminares d\u00e3o conta que o homem \u00e9 da cidade de Macarani e \u00e9 bastante conhecido na cidade e na regi\u00e3o no meio do esporte. Ainda n\u00e3o se sabe a motiva\u00e7\u00e3o do homic\u00eddio e a Pol\u00edcia T\u00e9cnica juntamente com o carro do Instituto M\u00e9dico Legal (IML) foram acionados para fazer a remo\u00e7\u00e3o do corpo.<\/h4>\n","protected":false},"excerpt":{"rendered":"<p>Um homic\u00eddio acaba de acontecer neste exato momento na rodovia que liga as cidades de Itapetinga a Macarani. De acordo com informa\u00e7\u00f5es de populares que est\u00e3o no local, o homem estava numa motocicleta e foi encontrado ca\u00eddo na margem na rodovia bem antes da ponte do Rio Pardo, numa localidade pr\u00f3ximo a fazenda de Noilton, com v\u00e1rias perfura\u00e7\u00f5es de arma de fogo. Informa\u00e7\u00f5es preliminares d\u00e3o conta que o homem \u00e9 da cidade de Macarani e \u00e9 bastante conhecido na cidade e na regi\u00e3o no meio do esporte. Ainda n\u00e3o se sabe a motiva\u00e7\u00e3o do homic\u00eddio e a Pol\u00edcia T\u00e9cnica juntamente [&hellip;]<\/p>\n","protected":false},"author":4,"featured_media":160956,"comment_status":"open","ping_status":"open","sticky":false,"template":"","format":"standard","meta":[],"categories":[306],"tags":[1780,485,425,476,444],"_links":{"self":[{"href":"https:\/\/www.cronicasdeitarantim.com.br\/v1\/wp-json\/wp\/v2\/posts\/160955"}],"collection":[{"href":"https:\/\/www.cronicasdeitarantim.com.br\/v1\/wp-json\/wp\/v2\/posts"}],"about":[{"href":"https:\/\/www.cronicasdeitarantim.com.br\/v1\/wp-json\/wp\/v2\/types\/post"}],"author":[{"embeddable":true,"href":"https:\/\/www.cronicasdeitarantim.com.br\/v1\/wp-json\/wp\/v2\/users\/4"}],"replies":[{"embeddable":true,"href":"https:\/\/www.cronicasdeitarantim.com.br\/v1\/wp-json\/wp\/v2\/comments?post=160955"}],"version-history":[{"count":2,"href":"https:\/\/www.cronicasdeitarantim.com.br\/v1\/wp-json\/wp\/v2\/posts\/160955\/revisions"}],"predecessor-version":[{"id":160958,"href":"https:\/\/www.cronicasdeitarantim.com.br\/v1\/wp-json\/wp\/v2\/posts\/160955\/revisions\/160958"}],"wp:featuredmedia":[{"embeddable":true,"href":"https:\/\/www.cronicasdeitarantim.com.br\/v1\/wp-json\/wp\/v2\/media\/160956"}],"wp:attachment":[{"href":"https:\/\/www.cronicasdeitarantim.com.br\/v1\/wp-json\/wp\/v2\/media?parent=160955"}],"wp:term":[{"taxonomy":"category","embeddable":true,"href":"https:\/\/www.cronicasdeitarantim.com.br\/v1\/wp-json\/wp\/v2\/categories?post=160955"},{"taxonomy":"post_tag","embeddable":true,"href":"https:\/\/www.cronicasdeitarantim.com.br\/v1\/wp-json\/wp\/v2\/tags?post=160955"}],"curies":[{"name":"wp","href":"https:\/\/api.w.org\/{rel}","templated":true}]}}