{"id":160945,"date":"2024-01-09T09:43:34","date_gmt":"2024-01-09T12:43:34","guid":{"rendered":"https:\/\/www.cronicasdeitarantim.com.br\/v1\/?p=160945"},"modified":"2024-01-09T09:44:19","modified_gmt":"2024-01-09T12:44:19","slug":"cultura-presidente-lula-sanciona-lei-que-inclui-luiz-gonzaga-entre-herois-da-patria","status":"publish","type":"post","link":"https:\/\/www.cronicasdeitarantim.com.br\/v1\/2024\/01\/09\/cultura-presidente-lula-sanciona-lei-que-inclui-luiz-gonzaga-entre-herois-da-patria\/","title":{"rendered":"Cultura: Presidente Lula sanciona lei que inclui Luiz Gonzaga entre her\u00f3is da p\u00e1tria"},"content":{"rendered":"<div class=\"conteudo_post\">\n<h4>O presidente Luiz In\u00e1cio Lula da Silva (PT) sancionou a lei que inclui o nome de Luiz Gonzaga no Livro de Her\u00f3is e Hero\u00ednas da P\u00e1tria. A Lei 14.793 foi publicada na edi\u00e7\u00e3o do Di\u00e1rio Oficial da Uni\u00e3o (DOU) desta segunda-feira (8).<\/h4>\n<h4>A lei teve origem em um projeto (PL 1.927\/2019) do ex-senador Jarbas Vasconcelos, aprovado pela Comiss\u00e3o de Educa\u00e7\u00e3o (CE) do Senado em agosto de 2019 e, posteriormente, tamb\u00e9m na C\u00e2mara dos Deputados, em 2023.<\/h4>\n<blockquote>\n<h5>Por toda sua hist\u00f3ria, n\u00e3o resta d\u00favida de que \u00e9 merit\u00f3ria a homenagem que se pretende prestar a Luiz Gonzaga, aut\u00eantico representante da cultura popular brasileira, ilustre porta-voz do povo nordestino e incans\u00e1vel divulgador das dificuldades enfrentadas por seu povo, disse o autor da proposta sobre o m\u00fasico pernambucano que ficou conhecido como Rei do Bai\u00e3o.<\/h5>\n<\/blockquote>\n<h4><strong>Biografia<\/strong><\/h4>\n<h4>Luiz Gonzaga do Nascimento nasceu na cidade de Exu, em Pernambuco, em 1912. Aprendeu desde cedo com seu pai sanfoneiro, Janu\u00e1rio Jos\u00e9 dos Santos, a trabalhar na ro\u00e7a e a ensaiar seus primeiros acordes na sanfona. Cresceu alternando a vida entre a lida no campo e as apresenta\u00e7\u00f5es nos forr\u00f3s da regi\u00e3o.<\/h4>\n<h4>Ap\u00f3s ver abruptamente encerrada sua hist\u00f3ria de amor proibida com a filha de um coronel, Luiz Gonzaga fugiu para o Cear\u00e1 e alistou-se no Ex\u00e9rcito, onde exerceu a fun\u00e7\u00e3o de soldado por nove anos. Mais tarde, no Rio de Janeiro, a carreira come\u00e7ou a decolar, ap\u00f3s apresenta\u00e7\u00e3o no programa de Ary Barroso, em 1941, quando tocou a instrumental \u201cVira e Mexe\u201d, que tamb\u00e9m viria a ser a sua primeira grava\u00e7\u00e3o.<\/h4>\n<h4>Em 1945 conheceu o advogado Humberto Teixeira, que seria seu parceiro em composi\u00e7\u00f5es pelo resto da vida. Dessa parceria, surgiram muitos sucessos compostos por ambos e cantados por Luiz Gonzaga. A m\u00fasica que mais o consagrou foi \u201cAsa Branca\u201d, considerada um hino do Nordeste.<\/h4>\n<h4>Em 1980, Luiz Gonzaga cantou para Jo\u00e3o Paulo II, durante a visita do papa a Fortaleza. Ap\u00f3s uma carreira de sucesso, voltou para sua terra natal, para criar gado e viver como nas suas origens. Faleceu no Recife, no dia 2 de agosto de 1989.<\/h4>\n<h4>Em seus 60 anos de carreira, gravou mais de 600 m\u00fasicas, tendo recebido diversos pr\u00eamios por sua obra. \u00c9 pai do cantor e compositor Luiz Gonzaga do Nascimento J\u00fanior, o Gonzaguinha, falecido em um acidente automobil\u00edstico em 1991.<\/h4>\n<div class=\"trv-player-container\">\n<div class=\"trv-wrapper\">\n<div id=\"br_video_player_a0d678294e27cdafc7d117922ef4a59dc3c659f9\" class=\"trvd_video_player\">\n<h4>No ano de 2012, por ocasi\u00e3o do centen\u00e1rio de nascimento do Rei do Bai\u00e3o, Luiz Gonzaga foi homenageado pela escola de samba Unidos da Tijuca, campe\u00e3 do carnaval carioca daquele ano, com o samba-enredo O Dia em Que Toda a Realeza Desembarcou na Avenida para Coroar o Rei Luiz do Sert\u00e3o. No mesmo ano, os Correios emitiram um selo em homenagem ao novo her\u00f3i da p\u00e1tria.<\/h4>\n<h4>(Com informa\u00e7\u00f5es da Ag\u00eancia Senado).<\/h4>\n<\/div>\n<\/div>\n<\/div>\n<\/div>\n<div id=\"div-share\"><\/div>\n","protected":false},"excerpt":{"rendered":"<p>O presidente Luiz In\u00e1cio Lula da Silva (PT) sancionou a lei que inclui o nome de Luiz Gonzaga no Livro de Her\u00f3is e Hero\u00ednas da P\u00e1tria. A Lei 14.793 foi publicada na edi\u00e7\u00e3o do Di\u00e1rio Oficial da Uni\u00e3o (DOU) desta segunda-feira (8). A lei teve origem em um projeto (PL 1.927\/2019) do ex-senador Jarbas Vasconcelos, aprovado pela Comiss\u00e3o de Educa\u00e7\u00e3o (CE) do Senado em agosto de 2019 e, posteriormente, tamb\u00e9m na C\u00e2mara dos Deputados, em 2023. Por toda sua hist\u00f3ria, n\u00e3o resta d\u00favida de que \u00e9 merit\u00f3ria a homenagem que se pretende prestar a Luiz Gonzaga, aut\u00eantico representante da cultura [&hellip;]<\/p>\n","protected":false},"author":4,"featured_media":160946,"comment_status":"open","ping_status":"open","sticky":false,"template":"","format":"standard","meta":[],"categories":[538],"tags":[1780,110,2569,1875,2567,2568],"_links":{"self":[{"href":"https:\/\/www.cronicasdeitarantim.com.br\/v1\/wp-json\/wp\/v2\/posts\/160945"}],"collection":[{"href":"https:\/\/www.cronicasdeitarantim.com.br\/v1\/wp-json\/wp\/v2\/posts"}],"about":[{"href":"https:\/\/www.cronicasdeitarantim.com.br\/v1\/wp-json\/wp\/v2\/types\/post"}],"author":[{"embeddable":true,"href":"https:\/\/www.cronicasdeitarantim.com.br\/v1\/wp-json\/wp\/v2\/users\/4"}],"replies":[{"embeddable":true,"href":"https:\/\/www.cronicasdeitarantim.com.br\/v1\/wp-json\/wp\/v2\/comments?post=160945"}],"version-history":[{"count":2,"href":"https:\/\/www.cronicasdeitarantim.com.br\/v1\/wp-json\/wp\/v2\/posts\/160945\/revisions"}],"predecessor-version":[{"id":160948,"href":"https:\/\/www.cronicasdeitarantim.com.br\/v1\/wp-json\/wp\/v2\/posts\/160945\/revisions\/160948"}],"wp:featuredmedia":[{"embeddable":true,"href":"https:\/\/www.cronicasdeitarantim.com.br\/v1\/wp-json\/wp\/v2\/media\/160946"}],"wp:attachment":[{"href":"https:\/\/www.cronicasdeitarantim.com.br\/v1\/wp-json\/wp\/v2\/media?parent=160945"}],"wp:term":[{"taxonomy":"category","embeddable":true,"href":"https:\/\/www.cronicasdeitarantim.com.br\/v1\/wp-json\/wp\/v2\/categories?post=160945"},{"taxonomy":"post_tag","embeddable":true,"href":"https:\/\/www.cronicasdeitarantim.com.br\/v1\/wp-json\/wp\/v2\/tags?post=160945"}],"curies":[{"name":"wp","href":"https:\/\/api.w.org\/{rel}","templated":true}]}}