{"id":160938,"date":"2024-01-09T10:32:38","date_gmt":"2024-01-09T13:32:38","guid":{"rendered":"https:\/\/www.cronicasdeitarantim.com.br\/v1\/?p=160938"},"modified":"2024-01-09T10:32:38","modified_gmt":"2024-01-09T13:32:38","slug":"crise-nos-pagamentos-dos-servidores-municipais-de-maiquinique-desencadeia-revolta-e-repudio-servidores-municipais-revoltados-com-atraso-nos-salarios","status":"publish","type":"post","link":"https:\/\/www.cronicasdeitarantim.com.br\/v1\/2024\/01\/09\/crise-nos-pagamentos-dos-servidores-municipais-de-maiquinique-desencadeia-revolta-e-repudio-servidores-municipais-revoltados-com-atraso-nos-salarios\/","title":{"rendered":"Crise nos Pagamentos dos Servidores Municipais de Maiquinique Desencadeia Revolta e Rep\u00fadio: Servidores Municipais Revoltados com Atraso nos Sal\u00e1rios"},"content":{"rendered":"<h4>Uma onda de indigna\u00e7\u00e3o toma conta dos servidores p\u00fablicos municipais de Maiquinique devido ao atraso nos sal\u00e1rios, que se estende desde final do m\u00eas de dezembro de 2023. Os mais de 700 funcion\u00e1rios municipais viram-se obrigados a passar as festas de fim de ano sem usufruir de seus vencimentos, o que lhes causou transtornos e preju\u00edzos significativos.<\/h4>\n<h4>A situa\u00e7\u00e3o ganhou destaque diante da arrecada\u00e7\u00e3o recorde do munic\u00edpio no \u00faltimo m\u00eas do ano, totalizando R$ 4.676.385,84 (quatro milh\u00f5es seiscentos e setenta e seis mil reais). Mesmo com essa quantia expressiva, a Prefeitura de Maiquinique n\u00e3o conseguiu honrar com o compromisso de pagamento dos servidores, gerando revolta e preocupa\u00e7\u00e3o entre os funcion\u00e1rios.<\/h4>\n<h4>O Sindicato dos Professores (APLB) nesta segunda-feira (08) uma nota de rep\u00fadio em rela\u00e7\u00e3o ao atraso salarial, destacando os in\u00fameros transtornos enfrentados pelos servidores e ainda nesta ter\u00e7a-feira (09) colocou um carro de som na rua anunciando. Mais do que uma quest\u00e3o financeira, o atraso nos pagamentos tem impactado diretamente nas vidas de mais de 700 pais e m\u00e3es de fam\u00edlia, que enfrentam dificuldades para honrar com seus compromissos financeiros b\u00e1sicos.<\/h4>\n<h4>A crise financeira e administrativa da Prefeitura de Maiquinique tem sido alvo de centenas de cr\u00edticas por parte dos cidad\u00e3os, que cobram transpar\u00eancia e responsabilidade na gest\u00e3o dos recursos p\u00fablicos. O ex-Secret\u00e1rio de Administra\u00e7\u00e3o, Vonca, conhecido por sua presen\u00e7a midi\u00e1tica na cidade, desapareceu desde os atrasos salariais, sem oferecer qualquer justificativa ou explica\u00e7\u00e3o para a popula\u00e7\u00e3o.<\/h4>\n<h4>De acordo os servidores, Vonca \u00e9 o principal respons\u00e1vel pelo atraso dos seus vencimentos, uma vez que priorizou pagamentos avulsos em detrimento do pagamento dos servidores municipais.<br \/>\nMas isso n\u00e3o \u00e9 tudo. Em uma atitude criticada como covarde e imoral pelos mun\u00edcipes, Vonca, que ganhou o apelido ir\u00f4nico de \u201cartista\u201d na cidade, agora tenta, nos bastidores, atribuir falsamente a culpa do atraso a outros membros da administra\u00e7\u00e3o, deixando claro seu perfil demagogo. Seu sumi\u00e7o da esfera p\u00fablica apenas agrava a insatisfa\u00e7\u00e3o dos servidores e cidad\u00e3os que buscam respostas diante da crise que assola Maiquinique.<\/h4>\n<h4>A comunidade aguarda medidas urgentes por parte das autoridades municipais para solucionar a crise financeira e garantir que os servidores recebam seus sal\u00e1rios devidamente. Enquanto isso, a tens\u00e3o e a insatisfa\u00e7\u00e3o crescem entre os mais de 700 afetados diretamente por essa situa\u00e7\u00e3o.<\/h4>\n","protected":false},"excerpt":{"rendered":"<p>Uma onda de indigna\u00e7\u00e3o toma conta dos servidores p\u00fablicos municipais de Maiquinique devido ao atraso nos sal\u00e1rios, que se estende desde final do m\u00eas de dezembro de 2023. Os mais de 700 funcion\u00e1rios municipais viram-se obrigados a passar as festas de fim de ano sem usufruir de seus vencimentos, o que lhes causou transtornos e preju\u00edzos significativos. A situa\u00e7\u00e3o ganhou destaque diante da arrecada\u00e7\u00e3o recorde do munic\u00edpio no \u00faltimo m\u00eas do ano, totalizando R$ 4.676.385,84 (quatro milh\u00f5es seiscentos e setenta e seis mil reais). Mesmo com essa quantia expressiva, a Prefeitura de Maiquinique n\u00e3o conseguiu honrar com o compromisso de [&hellip;]<\/p>\n","protected":false},"author":4,"featured_media":160949,"comment_status":"open","ping_status":"open","sticky":false,"template":"","format":"standard","meta":[],"categories":[308],"tags":[729,1780,1765,1394],"_links":{"self":[{"href":"https:\/\/www.cronicasdeitarantim.com.br\/v1\/wp-json\/wp\/v2\/posts\/160938"}],"collection":[{"href":"https:\/\/www.cronicasdeitarantim.com.br\/v1\/wp-json\/wp\/v2\/posts"}],"about":[{"href":"https:\/\/www.cronicasdeitarantim.com.br\/v1\/wp-json\/wp\/v2\/types\/post"}],"author":[{"embeddable":true,"href":"https:\/\/www.cronicasdeitarantim.com.br\/v1\/wp-json\/wp\/v2\/users\/4"}],"replies":[{"embeddable":true,"href":"https:\/\/www.cronicasdeitarantim.com.br\/v1\/wp-json\/wp\/v2\/comments?post=160938"}],"version-history":[{"count":2,"href":"https:\/\/www.cronicasdeitarantim.com.br\/v1\/wp-json\/wp\/v2\/posts\/160938\/revisions"}],"predecessor-version":[{"id":160950,"href":"https:\/\/www.cronicasdeitarantim.com.br\/v1\/wp-json\/wp\/v2\/posts\/160938\/revisions\/160950"}],"wp:featuredmedia":[{"embeddable":true,"href":"https:\/\/www.cronicasdeitarantim.com.br\/v1\/wp-json\/wp\/v2\/media\/160949"}],"wp:attachment":[{"href":"https:\/\/www.cronicasdeitarantim.com.br\/v1\/wp-json\/wp\/v2\/media?parent=160938"}],"wp:term":[{"taxonomy":"category","embeddable":true,"href":"https:\/\/www.cronicasdeitarantim.com.br\/v1\/wp-json\/wp\/v2\/categories?post=160938"},{"taxonomy":"post_tag","embeddable":true,"href":"https:\/\/www.cronicasdeitarantim.com.br\/v1\/wp-json\/wp\/v2\/tags?post=160938"}],"curies":[{"name":"wp","href":"https:\/\/api.w.org\/{rel}","templated":true}]}}