{"id":160911,"date":"2024-01-08T12:11:16","date_gmt":"2024-01-08T15:11:16","guid":{"rendered":"https:\/\/www.cronicasdeitarantim.com.br\/v1\/?p=160911"},"modified":"2024-01-08T12:11:16","modified_gmt":"2024-01-08T15:11:16","slug":"prefeitura-de-jacobina-decreta-luto-oficial-de-tres-dias-apos-acidente-com-mais-de-20-mortos-na-bahia","status":"publish","type":"post","link":"https:\/\/www.cronicasdeitarantim.com.br\/v1\/2024\/01\/08\/prefeitura-de-jacobina-decreta-luto-oficial-de-tres-dias-apos-acidente-com-mais-de-20-mortos-na-bahia\/","title":{"rendered":"Prefeitura de Jacobina decreta luto oficial de tr\u00eas dias ap\u00f3s acidente com mais de 20 mortos na Bahia"},"content":{"rendered":"<div class=\"styles__Body-sc-1ffquwr-7 ePhtZb\">\n<h4>A Prefeitura de Jacobina decretou luto oficial de tr\u00eas dias, nesta segunda-feira (8), ap\u00f3s um\u00a0acidente entre um \u00f4nibus de turismo e um caminh\u00e3o\u00a0deixar 25 mortos e cinco feridos, na BR-324.<\/h4>\n<h4>Os passageiros do \u00f4nibus moravam em Jacobina. Eles haviam passado o final de semana na praia de Guarajuba, distrito tur\u00edstico de Cama\u00e7ari, e estavam retornando para casa. O acidente aconteceu em um trecho da cidade de S\u00e3o Jos\u00e9 do Jacu\u00edpe, no norte da Bahia.<\/h4>\n<h4>Dos 25 mortos, 22 estavam no \u00f4nibus e tr\u00eas no caminh\u00e3o, que transportava mangas. 24 delas morreram no local do acidente e uma ap\u00f3s ser levada para um hospital da regi\u00e3o. A prefeitura declarou ainda que medidas est\u00e3o sendo tomadas para a organiza\u00e7\u00e3o de um vel\u00f3rio coletivo, que tem previs\u00e3o de acontecer na sede do Gin\u00e1sio de Esportes municipal.<\/h4>\n<h4>\u201cA Prefeitura de Jacobina expressa suas sinceras condol\u00eancias aos familiares e amigos das v\u00edtimas neste momento de tristeza e dor sem precedente\u201d, escreveu a gest\u00e3o atrav\u00e9s de comunicado.<\/h4>\n<\/div>\n","protected":false},"excerpt":{"rendered":"<p>A Prefeitura de Jacobina decretou luto oficial de tr\u00eas dias, nesta segunda-feira (8), ap\u00f3s um\u00a0acidente entre um \u00f4nibus de turismo e um caminh\u00e3o\u00a0deixar 25 mortos e cinco feridos, na BR-324. Os passageiros do \u00f4nibus moravam em Jacobina. Eles haviam passado o final de semana na praia de Guarajuba, distrito tur\u00edstico de Cama\u00e7ari, e estavam retornando para casa. O acidente aconteceu em um trecho da cidade de S\u00e3o Jos\u00e9 do Jacu\u00edpe, no norte da Bahia. Dos 25 mortos, 22 estavam no \u00f4nibus e tr\u00eas no caminh\u00e3o, que transportava mangas. 24 delas morreram no local do acidente e uma ap\u00f3s ser levada [&hellip;]<\/p>\n","protected":false},"author":4,"featured_media":160912,"comment_status":"open","ping_status":"open","sticky":false,"template":"","format":"standard","meta":[],"categories":[295],"tags":[1372,76,1780],"_links":{"self":[{"href":"https:\/\/www.cronicasdeitarantim.com.br\/v1\/wp-json\/wp\/v2\/posts\/160911"}],"collection":[{"href":"https:\/\/www.cronicasdeitarantim.com.br\/v1\/wp-json\/wp\/v2\/posts"}],"about":[{"href":"https:\/\/www.cronicasdeitarantim.com.br\/v1\/wp-json\/wp\/v2\/types\/post"}],"author":[{"embeddable":true,"href":"https:\/\/www.cronicasdeitarantim.com.br\/v1\/wp-json\/wp\/v2\/users\/4"}],"replies":[{"embeddable":true,"href":"https:\/\/www.cronicasdeitarantim.com.br\/v1\/wp-json\/wp\/v2\/comments?post=160911"}],"version-history":[{"count":1,"href":"https:\/\/www.cronicasdeitarantim.com.br\/v1\/wp-json\/wp\/v2\/posts\/160911\/revisions"}],"predecessor-version":[{"id":160913,"href":"https:\/\/www.cronicasdeitarantim.com.br\/v1\/wp-json\/wp\/v2\/posts\/160911\/revisions\/160913"}],"wp:featuredmedia":[{"embeddable":true,"href":"https:\/\/www.cronicasdeitarantim.com.br\/v1\/wp-json\/wp\/v2\/media\/160912"}],"wp:attachment":[{"href":"https:\/\/www.cronicasdeitarantim.com.br\/v1\/wp-json\/wp\/v2\/media?parent=160911"}],"wp:term":[{"taxonomy":"category","embeddable":true,"href":"https:\/\/www.cronicasdeitarantim.com.br\/v1\/wp-json\/wp\/v2\/categories?post=160911"},{"taxonomy":"post_tag","embeddable":true,"href":"https:\/\/www.cronicasdeitarantim.com.br\/v1\/wp-json\/wp\/v2\/tags?post=160911"}],"curies":[{"name":"wp","href":"https:\/\/api.w.org\/{rel}","templated":true}]}}