{"id":160898,"date":"2024-01-08T00:46:09","date_gmt":"2024-01-08T03:46:09","guid":{"rendered":"https:\/\/www.cronicasdeitarantim.com.br\/v1\/?p=160898"},"modified":"2024-01-08T00:52:17","modified_gmt":"2024-01-08T03:52:17","slug":"itarantim-ponte-que-liga-as-regioes-do-palmeiras-e-corgao-cedeu-e-desvio-a-agua-levou","status":"publish","type":"post","link":"https:\/\/www.cronicasdeitarantim.com.br\/v1\/2024\/01\/08\/itarantim-ponte-que-liga-as-regioes-do-palmeiras-e-corgao-cedeu-e-desvio-a-agua-levou\/","title":{"rendered":"Itarantim: Ponte que liga as regi\u00f5es do Palmeiras e Corg\u00e3o cedeu e desvio a \u00e1gua levou"},"content":{"rendered":"<h4>Uma ponte que d\u00e1 acesso \u00e0s comunidades rurais do Palmeiras e Corg\u00e3o que j\u00e1 vinha h\u00e1 muito tempo com problemas cedeu com as chuvas que ca\u00edram no munic\u00edpio. A ponte j\u00e1 era uma reclama\u00e7\u00e3o dos moradores desta regi\u00e3o que pediam \u00e0 Prefeitura para fazer um concerto que n\u00e3o foi feito.<\/h4>\n<h4><a href=\"https:\/\/www.cronicasdeitarantim.com.br\/v1\/wp-content\/uploads\/2024\/01\/WhatsApp-Image-2024-01-08-at-00.13.43-1.jpeg\"><img decoding=\"async\" loading=\"lazy\" class=\"size-full wp-image-160900 alignleft\" src=\"https:\/\/www.cronicasdeitarantim.com.br\/v1\/wp-content\/uploads\/2024\/01\/WhatsApp-Image-2024-01-08-at-00.13.43-1.jpeg\" alt=\"\" width=\"730\" height=\"697\" srcset=\"https:\/\/www.cronicasdeitarantim.com.br\/v1\/wp-content\/uploads\/2024\/01\/WhatsApp-Image-2024-01-08-at-00.13.43-1.jpeg 730w, https:\/\/www.cronicasdeitarantim.com.br\/v1\/wp-content\/uploads\/2024\/01\/WhatsApp-Image-2024-01-08-at-00.13.43-1-300x286.jpeg 300w, https:\/\/www.cronicasdeitarantim.com.br\/v1\/wp-content\/uploads\/2024\/01\/WhatsApp-Image-2024-01-08-at-00.13.43-1-400x382.jpeg 400w, https:\/\/www.cronicasdeitarantim.com.br\/v1\/wp-content\/uploads\/2024\/01\/WhatsApp-Image-2024-01-08-at-00.13.43-1-628x600.jpeg 628w\" sizes=\"(max-width: 730px) 100vw, 730px\" \/><\/a><\/h4>\n<h4>A Prefeitura realizou um desvio abaixo da ponte para transitar de forma improvisada e paliativa. Neste final de semana com as chuvas que ca\u00edram no munic\u00edpio a \u00e1gua levou a manilha que sustentava a estrutura levando embora a ponte improvisada deixando os moradores desta regi\u00e3o intransit\u00e1veis at\u00e9 o momento.<\/h4>\n<blockquote class=\"twitter-tweet\" data-width=\"550\" data-dnt=\"true\">\n<p lang=\"pt\" dir=\"ltr\">Ponte cedeu e o desvio que liga \u00e0s comunidades rurais do Palmeiras e Corg\u00e3o a \u00e1gua levou. <a href=\"https:\/\/t.co\/odlpoddAoR\">pic.twitter.com\/odlpoddAoR<\/a><\/p>\n<p>&mdash; Cr\u00f4nicas de Itarantim (@CItarantim) <a href=\"https:\/\/twitter.com\/CItarantim\/status\/1744204872851886569?ref_src=twsrc%5Etfw\">January 8, 2024<\/a><\/p><\/blockquote>\n<p><script async src=\"https:\/\/platform.twitter.com\/widgets.js\" charset=\"utf-8\"><\/script><\/p>\n<p>&nbsp;<\/p>\n","protected":false},"excerpt":{"rendered":"<p>Uma ponte que d\u00e1 acesso \u00e0s comunidades rurais do Palmeiras e Corg\u00e3o que j\u00e1 vinha h\u00e1 muito tempo com problemas cedeu com as chuvas que ca\u00edram no munic\u00edpio. A ponte j\u00e1 era uma reclama\u00e7\u00e3o dos moradores desta regi\u00e3o que pediam \u00e0 Prefeitura para fazer um concerto que n\u00e3o foi feito. A Prefeitura realizou um desvio abaixo da ponte para transitar de forma improvisada e paliativa. Neste final de semana com as chuvas que ca\u00edram no munic\u00edpio a \u00e1gua levou a manilha que sustentava a estrutura levando embora a ponte improvisada deixando os moradores desta regi\u00e3o intransit\u00e1veis at\u00e9 o momento. Ponte [&hellip;]<\/p>\n","protected":false},"author":4,"featured_media":160899,"comment_status":"open","ping_status":"open","sticky":false,"template":"","format":"standard","meta":[],"categories":[362],"tags":[519,1273,1780,385,2560,2559],"_links":{"self":[{"href":"https:\/\/www.cronicasdeitarantim.com.br\/v1\/wp-json\/wp\/v2\/posts\/160898"}],"collection":[{"href":"https:\/\/www.cronicasdeitarantim.com.br\/v1\/wp-json\/wp\/v2\/posts"}],"about":[{"href":"https:\/\/www.cronicasdeitarantim.com.br\/v1\/wp-json\/wp\/v2\/types\/post"}],"author":[{"embeddable":true,"href":"https:\/\/www.cronicasdeitarantim.com.br\/v1\/wp-json\/wp\/v2\/users\/4"}],"replies":[{"embeddable":true,"href":"https:\/\/www.cronicasdeitarantim.com.br\/v1\/wp-json\/wp\/v2\/comments?post=160898"}],"version-history":[{"count":3,"href":"https:\/\/www.cronicasdeitarantim.com.br\/v1\/wp-json\/wp\/v2\/posts\/160898\/revisions"}],"predecessor-version":[{"id":160903,"href":"https:\/\/www.cronicasdeitarantim.com.br\/v1\/wp-json\/wp\/v2\/posts\/160898\/revisions\/160903"}],"wp:featuredmedia":[{"embeddable":true,"href":"https:\/\/www.cronicasdeitarantim.com.br\/v1\/wp-json\/wp\/v2\/media\/160899"}],"wp:attachment":[{"href":"https:\/\/www.cronicasdeitarantim.com.br\/v1\/wp-json\/wp\/v2\/media?parent=160898"}],"wp:term":[{"taxonomy":"category","embeddable":true,"href":"https:\/\/www.cronicasdeitarantim.com.br\/v1\/wp-json\/wp\/v2\/categories?post=160898"},{"taxonomy":"post_tag","embeddable":true,"href":"https:\/\/www.cronicasdeitarantim.com.br\/v1\/wp-json\/wp\/v2\/tags?post=160898"}],"curies":[{"name":"wp","href":"https:\/\/api.w.org\/{rel}","templated":true}]}}