{"id":160800,"date":"2024-01-03T12:04:18","date_gmt":"2024-01-03T15:04:18","guid":{"rendered":"https:\/\/www.cronicasdeitarantim.com.br\/v1\/?p=160800"},"modified":"2024-01-03T12:07:07","modified_gmt":"2024-01-03T15:07:07","slug":"que-papelao-prefeita-prefeita-da-cidade-de-morro-do-chapeu-faz-video-zombando-e-ameacando-professores","status":"publish","type":"post","link":"https:\/\/www.cronicasdeitarantim.com.br\/v1\/2024\/01\/03\/que-papelao-prefeita-prefeita-da-cidade-de-morro-do-chapeu-faz-video-zombando-e-ameacando-professores\/","title":{"rendered":"Que papel\u00e3o prefeita! Prefeita da cidade de Morro do Chap\u00e9u faz v\u00eddeo zombando e amea\u00e7ando professores"},"content":{"rendered":"<h4>A prefeita da cidade de Morro do Chap\u00e9u, na Chapada Diamantina, Juliana Ara\u00fajo do Partido Liberal (PL), que \u00e9 filha do ex-deputado Jos\u00e9 Carlos Ara\u00fajo, gravou um v\u00eddeo nesta ter\u00e7a-feira fazendo diversas amea\u00e7as aos profissionais da educa\u00e7\u00e3o do munic\u00edpio e tendo a\u00e7\u00f5es como adolescente.<\/h4>\n<h4>A prefeita zomba dos educadores dizendo que agora eles ter\u00e3o que trabalhar, que a vida &#8220;mole&#8221; acabou e ainda afirma que eles n\u00e3o podem ofender mulheres por conta que ela \u00e9 pr\u00e9-candidata e que a justi\u00e7a federal punir\u00e1.<\/h4>\n<h4>A prefeita mente ao afirmar que as pessoas n\u00e3o podem criticar a gestora. Podem sim, o que n\u00e3o pode \u00e9 agredir a dignidade da mulher, de qualquer mulher, n\u00e3o porque ela \u00e9 pr\u00e9-candidata. Ela \u00e9 pessoa p\u00fablica e deve sim absorver cr\u00edticas na sua gest\u00e3o como prefeita da cidade.<\/h4>\n<h4>A prefeita afirma que \u00e9 crime eleitoral ofender mulheres por ela ser pr\u00e9-candidata, por\u00e9m\u00a0essa\u00a0informa\u00e7\u00e3o \u00e9 falsa: criticar um pr\u00e9-candidato n\u00e3o \u00e9 crime eleitoral, e o conceito de \u201ccrime federal\u201d n\u00e3o existe.<\/h4>\n<h4>Al\u00e9m disso, \u00e9 poss\u00edvel que Juliana tenha a candidatura impugnada por fazer publicidade eleitoral antes da hora. Segundo a Resolu\u00e7\u00e3o TSE n.\u00ba 23.610\/2019, esse tipo de publicidade s\u00f3 pode ser realizada a partir de 16 de agosto, ap\u00f3s o fim do prazo de registro de candidaturas.<\/h4>\n<blockquote class=\"twitter-tweet\" data-width=\"550\" data-dnt=\"true\">\n<p lang=\"pt\" dir=\"ltr\">Prefeita da cidade de Morro do Chap\u00e9u na regi\u00e3o da Chapada Diamantina faz v\u00eddeo amea\u00e7ando profissionais da educa\u00e7\u00e3o. <a href=\"https:\/\/t.co\/XuvaGml17y\">pic.twitter.com\/XuvaGml17y<\/a><\/p>\n<p>&mdash; Cr\u00f4nicas de Itarantim (@CItarantim) <a href=\"https:\/\/twitter.com\/CItarantim\/status\/1742555073094271289?ref_src=twsrc%5Etfw\">January 3, 2024<\/a><\/p><\/blockquote>\n<p><script async src=\"https:\/\/platform.twitter.com\/widgets.js\" charset=\"utf-8\"><\/script><\/p>\n","protected":false},"excerpt":{"rendered":"<p>A prefeita da cidade de Morro do Chap\u00e9u, na Chapada Diamantina, Juliana Ara\u00fajo do Partido Liberal (PL), que \u00e9 filha do ex-deputado Jos\u00e9 Carlos Ara\u00fajo, gravou um v\u00eddeo nesta ter\u00e7a-feira fazendo diversas amea\u00e7as aos profissionais da educa\u00e7\u00e3o do munic\u00edpio e tendo a\u00e7\u00f5es como adolescente. A prefeita zomba dos educadores dizendo que agora eles ter\u00e3o que trabalhar, que a vida &#8220;mole&#8221; acabou e ainda afirma que eles n\u00e3o podem ofender mulheres por conta que ela \u00e9 pr\u00e9-candidata e que a justi\u00e7a federal punir\u00e1. A prefeita mente ao afirmar que as pessoas n\u00e3o podem criticar a gestora. Podem sim, o que n\u00e3o [&hellip;]<\/p>\n","protected":false},"author":4,"featured_media":160801,"comment_status":"open","ping_status":"open","sticky":false,"template":"","format":"standard","meta":[],"categories":[1448],"tags":[2548,1780,2103,2547,2546],"_links":{"self":[{"href":"https:\/\/www.cronicasdeitarantim.com.br\/v1\/wp-json\/wp\/v2\/posts\/160800"}],"collection":[{"href":"https:\/\/www.cronicasdeitarantim.com.br\/v1\/wp-json\/wp\/v2\/posts"}],"about":[{"href":"https:\/\/www.cronicasdeitarantim.com.br\/v1\/wp-json\/wp\/v2\/types\/post"}],"author":[{"embeddable":true,"href":"https:\/\/www.cronicasdeitarantim.com.br\/v1\/wp-json\/wp\/v2\/users\/4"}],"replies":[{"embeddable":true,"href":"https:\/\/www.cronicasdeitarantim.com.br\/v1\/wp-json\/wp\/v2\/comments?post=160800"}],"version-history":[{"count":2,"href":"https:\/\/www.cronicasdeitarantim.com.br\/v1\/wp-json\/wp\/v2\/posts\/160800\/revisions"}],"predecessor-version":[{"id":160803,"href":"https:\/\/www.cronicasdeitarantim.com.br\/v1\/wp-json\/wp\/v2\/posts\/160800\/revisions\/160803"}],"wp:featuredmedia":[{"embeddable":true,"href":"https:\/\/www.cronicasdeitarantim.com.br\/v1\/wp-json\/wp\/v2\/media\/160801"}],"wp:attachment":[{"href":"https:\/\/www.cronicasdeitarantim.com.br\/v1\/wp-json\/wp\/v2\/media?parent=160800"}],"wp:term":[{"taxonomy":"category","embeddable":true,"href":"https:\/\/www.cronicasdeitarantim.com.br\/v1\/wp-json\/wp\/v2\/categories?post=160800"},{"taxonomy":"post_tag","embeddable":true,"href":"https:\/\/www.cronicasdeitarantim.com.br\/v1\/wp-json\/wp\/v2\/tags?post=160800"}],"curies":[{"name":"wp","href":"https:\/\/api.w.org\/{rel}","templated":true}]}}