{"id":160663,"date":"2023-12-25T16:33:14","date_gmt":"2023-12-25T19:33:14","guid":{"rendered":"https:\/\/www.cronicasdeitarantim.com.br\/v1\/?p=160663"},"modified":"2023-12-25T16:33:35","modified_gmt":"2023-12-25T19:33:35","slug":"natal-violento-na-terra-santa-ataque-israelense-a-campo-de-refugiados-deixa-70-mortos-em-gaza-diz-hamas","status":"publish","type":"post","link":"https:\/\/www.cronicasdeitarantim.com.br\/v1\/2023\/12\/25\/natal-violento-na-terra-santa-ataque-israelense-a-campo-de-refugiados-deixa-70-mortos-em-gaza-diz-hamas\/","title":{"rendered":"Natal violento na Terra Santa: Ataque israelense a campo de refugiados deixa 70 mortos em Gaza, diz Hamas"},"content":{"rendered":"<div class=\"styles__Body-sc-1ffquwr-7 ePhtZb\">\n<h4>Um ataque a\u00e9reo israelense deixou ao menos 70 pessoas mortas e dezenas feridas na noite da v\u00e9spera de Natal, neste domingo(24), segundo acusam as autoridades palestinas. O campo de refugiados de Al Maghazi, no centro da Faixa de Gaza, teria sido atingido antes da maia noite de Natal desta segunda-feira (25).<\/h4>\n<h4>Segundo o Minist\u00e9rio da Sa\u00fade do movimento islamista, v\u00e1rias casas no campo de refugiados foram destru\u00eddas. O porta-voz do minist\u00e9rio da Sa\u00fade de Gaza, Ashraf al Qudra, afirmou ainda que a ofensiva destruiu &#8220;um bloco de resid\u00eancias&#8221; e o &#8220;n\u00famero [de v\u00edtimas] pode aumentar&#8221;.<\/h4>\n<h4>Pelo menos doze mulheres e crian\u00e7as est\u00e3o entre os mortos no campo de refugiados. O local \u00e9 um dos mais populosos na regi\u00e3o desde que mais de 1,8 milh\u00e3o de pessoas precisaram migrar pelo territ\u00f3rio para fugir dos ataques de Israel. No m\u00eas passado, uma outra ofensiva na regi\u00e3o acabou deixando 30 mortos.<\/h4>\n<h4>No domingo, mais de 130 pessoas morreram em decorr\u00eancia de outros ataques. Ao todo, desde o dia 7 de outubro, quando iniciou a escalada entre o conflito, 20,8 mil palestinos perderam a vida. (Metro1).<\/h4>\n<\/div>\n","protected":false},"excerpt":{"rendered":"<p>Um ataque a\u00e9reo israelense deixou ao menos 70 pessoas mortas e dezenas feridas na noite da v\u00e9spera de Natal, neste domingo(24), segundo acusam as autoridades palestinas. O campo de refugiados de Al Maghazi, no centro da Faixa de Gaza, teria sido atingido antes da maia noite de Natal desta segunda-feira (25). Segundo o Minist\u00e9rio da Sa\u00fade do movimento islamista, v\u00e1rias casas no campo de refugiados foram destru\u00eddas. O porta-voz do minist\u00e9rio da Sa\u00fade de Gaza, Ashraf al Qudra, afirmou ainda que a ofensiva destruiu &#8220;um bloco de resid\u00eancias&#8221; e o &#8220;n\u00famero [de v\u00edtimas] pode aumentar&#8221;. Pelo menos doze mulheres e [&hellip;]<\/p>\n","protected":false},"author":4,"featured_media":160664,"comment_status":"open","ping_status":"open","sticky":false,"template":"","format":"standard","meta":[],"categories":[1261],"tags":[1780,2367,2361,456,592,444],"_links":{"self":[{"href":"https:\/\/www.cronicasdeitarantim.com.br\/v1\/wp-json\/wp\/v2\/posts\/160663"}],"collection":[{"href":"https:\/\/www.cronicasdeitarantim.com.br\/v1\/wp-json\/wp\/v2\/posts"}],"about":[{"href":"https:\/\/www.cronicasdeitarantim.com.br\/v1\/wp-json\/wp\/v2\/types\/post"}],"author":[{"embeddable":true,"href":"https:\/\/www.cronicasdeitarantim.com.br\/v1\/wp-json\/wp\/v2\/users\/4"}],"replies":[{"embeddable":true,"href":"https:\/\/www.cronicasdeitarantim.com.br\/v1\/wp-json\/wp\/v2\/comments?post=160663"}],"version-history":[{"count":1,"href":"https:\/\/www.cronicasdeitarantim.com.br\/v1\/wp-json\/wp\/v2\/posts\/160663\/revisions"}],"predecessor-version":[{"id":160665,"href":"https:\/\/www.cronicasdeitarantim.com.br\/v1\/wp-json\/wp\/v2\/posts\/160663\/revisions\/160665"}],"wp:featuredmedia":[{"embeddable":true,"href":"https:\/\/www.cronicasdeitarantim.com.br\/v1\/wp-json\/wp\/v2\/media\/160664"}],"wp:attachment":[{"href":"https:\/\/www.cronicasdeitarantim.com.br\/v1\/wp-json\/wp\/v2\/media?parent=160663"}],"wp:term":[{"taxonomy":"category","embeddable":true,"href":"https:\/\/www.cronicasdeitarantim.com.br\/v1\/wp-json\/wp\/v2\/categories?post=160663"},{"taxonomy":"post_tag","embeddable":true,"href":"https:\/\/www.cronicasdeitarantim.com.br\/v1\/wp-json\/wp\/v2\/tags?post=160663"}],"curies":[{"name":"wp","href":"https:\/\/api.w.org\/{rel}","templated":true}]}}