{"id":160657,"date":"2023-12-25T15:16:07","date_gmt":"2023-12-25T18:16:07","guid":{"rendered":"https:\/\/www.cronicasdeitarantim.com.br\/v1\/?p=160657"},"modified":"2023-12-25T15:16:07","modified_gmt":"2023-12-25T18:16:07","slug":"cronicas-do-natal-papai-noel-com-treno-parado-em-blitz-noel-policial-e-um-noel-devasso","status":"publish","type":"post","link":"https:\/\/www.cronicasdeitarantim.com.br\/v1\/2023\/12\/25\/cronicas-do-natal-papai-noel-com-treno-parado-em-blitz-noel-policial-e-um-noel-devasso\/","title":{"rendered":"Cr\u00f4nicas do Natal: Papai Noel com tren\u00f3 parado em blitz, Noel policial e um Noel devasso"},"content":{"rendered":"<h4>O Papai Noel \u00e9 uma figura imagin\u00e1ria que de fato produz muitas p\u00e9rolas para a literatura e para a cr\u00f4nica do Natal. Todo ano tem algo peculiar sobre o velhinho gordo vestido de vermelho com um saco nas costas que tem a obriga\u00e7\u00e3o de entregar os presentes para a crian\u00e7ada.<\/h4>\n<h4>Mas parece que este ano ele andou se complicando em algumas situa\u00e7\u00f5es. Em Salvador, na capital do estado, um Papai Noel foi pego pela blitz com um tren\u00f3. A cena aconteceu na noite de v\u00e9spera de Natal, neste domingo (24), na \u00a0Avenida Reitor Miguel Calmon. Um tren\u00f3 do bom velhinho foi parado em uma blitz e abordado por agentes da Transalvador.<\/h4>\n<h4><span style=\"font-family: Bitter, sans-serif;\">Com isso, o tren\u00f3 foi apreendido e levado para o p\u00e1tio da Transalvador e tudo indica que as crian\u00e7as na capital ficaram sem presentes. E, informa\u00e7\u00f5es d\u00e3o conta que o velhinho do tren\u00f3 apreendido estava com dose alta de et\u00edlico.\u00a0<\/span><\/h4>\n<h4><span style=\"font-family: Bitter, sans-serif;\">Outro caso com o vermelhinho foi um flagra numa casa noturna onde o Noel estava rodeado de mulheres e pagando bebida dando a entender que o local era uma casa de profissionais do sexo. Com certeza ele esqueceu da entrega dos presentes para outras divers\u00f5es.\u00a0<\/span><\/h4>\n<h4><span style=\"color: #333333; font-family: Bitter, sans-serif;\">Mas o caso mais interessante foi o Noel da justi\u00e7a, um policial vestido de Papai Noel fez uma grande apreens\u00e3o de drogas em Lima, no Peru (Natal e Peru, tudo haver) e acabou com a festa de uma gangue do tr\u00e1fico naquela regi\u00e3o da capital Lima.\u00a0<\/span><\/h4>\n<h4><span style=\"font-family: Bitter, sans-serif;\">O bom velhinho este ano bombou nas redes sociais mantendo a sua tradi\u00e7\u00e3o de continuar causando e brincando com a imagina\u00e7\u00e3o da popula\u00e7\u00e3o produzindo conte\u00fados para as colunas jornal\u00edsticas em todo mundo. <\/span><\/h4>\n<h4><span style=\"font-family: Bitter, sans-serif;\">Feliz Natal!!!!<\/span><\/h4>\n","protected":false},"excerpt":{"rendered":"<p>O Papai Noel \u00e9 uma figura imagin\u00e1ria que de fato produz muitas p\u00e9rolas para a literatura e para a cr\u00f4nica do Natal. Todo ano tem algo peculiar sobre o velhinho gordo vestido de vermelho com um saco nas costas que tem a obriga\u00e7\u00e3o de entregar os presentes para a crian\u00e7ada. Mas parece que este ano ele andou se complicando em algumas situa\u00e7\u00f5es. Em Salvador, na capital do estado, um Papai Noel foi pego pela blitz com um tren\u00f3. A cena aconteceu na noite de v\u00e9spera de Natal, neste domingo (24), na \u00a0Avenida Reitor Miguel Calmon. Um tren\u00f3 do bom velhinho [&hellip;]<\/p>\n","protected":false},"author":4,"featured_media":160658,"comment_status":"open","ping_status":"open","sticky":false,"template":"","format":"standard","meta":[],"categories":[14],"tags":[76,1780,2532,456,592],"_links":{"self":[{"href":"https:\/\/www.cronicasdeitarantim.com.br\/v1\/wp-json\/wp\/v2\/posts\/160657"}],"collection":[{"href":"https:\/\/www.cronicasdeitarantim.com.br\/v1\/wp-json\/wp\/v2\/posts"}],"about":[{"href":"https:\/\/www.cronicasdeitarantim.com.br\/v1\/wp-json\/wp\/v2\/types\/post"}],"author":[{"embeddable":true,"href":"https:\/\/www.cronicasdeitarantim.com.br\/v1\/wp-json\/wp\/v2\/users\/4"}],"replies":[{"embeddable":true,"href":"https:\/\/www.cronicasdeitarantim.com.br\/v1\/wp-json\/wp\/v2\/comments?post=160657"}],"version-history":[{"count":1,"href":"https:\/\/www.cronicasdeitarantim.com.br\/v1\/wp-json\/wp\/v2\/posts\/160657\/revisions"}],"predecessor-version":[{"id":160659,"href":"https:\/\/www.cronicasdeitarantim.com.br\/v1\/wp-json\/wp\/v2\/posts\/160657\/revisions\/160659"}],"wp:featuredmedia":[{"embeddable":true,"href":"https:\/\/www.cronicasdeitarantim.com.br\/v1\/wp-json\/wp\/v2\/media\/160658"}],"wp:attachment":[{"href":"https:\/\/www.cronicasdeitarantim.com.br\/v1\/wp-json\/wp\/v2\/media?parent=160657"}],"wp:term":[{"taxonomy":"category","embeddable":true,"href":"https:\/\/www.cronicasdeitarantim.com.br\/v1\/wp-json\/wp\/v2\/categories?post=160657"},{"taxonomy":"post_tag","embeddable":true,"href":"https:\/\/www.cronicasdeitarantim.com.br\/v1\/wp-json\/wp\/v2\/tags?post=160657"}],"curies":[{"name":"wp","href":"https:\/\/api.w.org\/{rel}","templated":true}]}}