{"id":160648,"date":"2023-12-25T13:24:44","date_gmt":"2023-12-25T16:24:44","guid":{"rendered":"https:\/\/www.cronicasdeitarantim.com.br\/v1\/?p=160648"},"modified":"2023-12-25T14:41:17","modified_gmt":"2023-12-25T17:41:17","slug":"itarantim-acidente-e-registrado-na-ba-270-saida-para-maiquinique-proximo-a-agrovila","status":"publish","type":"post","link":"https:\/\/www.cronicasdeitarantim.com.br\/v1\/2023\/12\/25\/itarantim-acidente-e-registrado-na-ba-270-saida-para-maiquinique-proximo-a-agrovila\/","title":{"rendered":"Itarantim: Acidente \u00e9 registrado na BA\/270 sa\u00edda para Maiquinique pr\u00f3ximo a Agrovila"},"content":{"rendered":"<h4>Feriado de Natal com muitos acidentes na regi\u00e3o. Muitos com v\u00edtimas fatais como a gente j\u00e1 publicou aqui.<\/h4>\n<h4>Na estrada da nossa regi\u00e3o, na sa\u00edda de Itarantim para Maiquinique, um acidente foi registrado na manh\u00e3 desta segunda-feira (25) no feriado do Natal. O acidente aconteceu pr\u00f3ximo a Agrovila na BA\/270 j\u00e1 pr\u00f3ximo de Itarantim.<\/h4>\n<h4>Imagens enviadas para nossa reda\u00e7\u00e3o mostram um carro Corolla de cor escura todo danificado pelo impacto da batida e de acordo com informa\u00e7\u00f5es de pessoas que passavam no momento, as pessoas que estavam no ve\u00edculo s\u00e3o da cidade de Maiquinique que estavam saindo de Itarantim.<\/h4>\n<div>\n<h4>Ainda de acordo com as informa\u00e7\u00f5es colhidas pela nossa reda\u00e7\u00e3o, diz que o condutor tentou desviar de um animal que estava na pista perdendo o controle e batendo no barranco.<\/h4>\n<h4>Por felicidades de todos, apenas o carro ficou danificado e ningu\u00e9m teve ferimentos graves e todos passam bem. N\u00e3o tivemos informa\u00e7\u00f5es sobre a identidade das v\u00edtimas.<\/h4>\n<\/div>\n<p><a href=\"https:\/\/www.cronicasdeitarantim.com.br\/v1\/wp-content\/uploads\/2023\/12\/IMG-20231225-WA0249_compress43.jpg\"><img decoding=\"async\" loading=\"lazy\" class=\"size-full wp-image-160652 alignnone\" src=\"https:\/\/www.cronicasdeitarantim.com.br\/v1\/wp-content\/uploads\/2023\/12\/IMG-20231225-WA0249_compress43.jpg\" alt=\"\" width=\"730\" height=\"410\" srcset=\"https:\/\/www.cronicasdeitarantim.com.br\/v1\/wp-content\/uploads\/2023\/12\/IMG-20231225-WA0249_compress43.jpg 730w, https:\/\/www.cronicasdeitarantim.com.br\/v1\/wp-content\/uploads\/2023\/12\/IMG-20231225-WA0249_compress43-300x168.jpg 300w, https:\/\/www.cronicasdeitarantim.com.br\/v1\/wp-content\/uploads\/2023\/12\/IMG-20231225-WA0249_compress43-400x225.jpg 400w\" sizes=\"(max-width: 730px) 100vw, 730px\" \/><\/a><\/p>\n<h4><\/h4>\n<h4><\/h4>\n","protected":false},"excerpt":{"rendered":"<p>Feriado de Natal com muitos acidentes na regi\u00e3o. Muitos com v\u00edtimas fatais como a gente j\u00e1 publicou aqui. Na estrada da nossa regi\u00e3o, na sa\u00edda de Itarantim para Maiquinique, um acidente foi registrado na manh\u00e3 desta segunda-feira (25) no feriado do Natal. O acidente aconteceu pr\u00f3ximo a Agrovila na BA\/270 j\u00e1 pr\u00f3ximo de Itarantim. Imagens enviadas para nossa reda\u00e7\u00e3o mostram um carro Corolla de cor escura todo danificado pelo impacto da batida e de acordo com informa\u00e7\u00f5es de pessoas que passavam no momento, as pessoas que estavam no ve\u00edculo s\u00e3o da cidade de Maiquinique que estavam saindo de Itarantim. Ainda [&hellip;]<\/p>\n","protected":false},"author":4,"featured_media":160651,"comment_status":"open","ping_status":"open","sticky":false,"template":"","format":"standard","meta":[],"categories":[306],"tags":[594,902,1780,385,392],"_links":{"self":[{"href":"https:\/\/www.cronicasdeitarantim.com.br\/v1\/wp-json\/wp\/v2\/posts\/160648"}],"collection":[{"href":"https:\/\/www.cronicasdeitarantim.com.br\/v1\/wp-json\/wp\/v2\/posts"}],"about":[{"href":"https:\/\/www.cronicasdeitarantim.com.br\/v1\/wp-json\/wp\/v2\/types\/post"}],"author":[{"embeddable":true,"href":"https:\/\/www.cronicasdeitarantim.com.br\/v1\/wp-json\/wp\/v2\/users\/4"}],"replies":[{"embeddable":true,"href":"https:\/\/www.cronicasdeitarantim.com.br\/v1\/wp-json\/wp\/v2\/comments?post=160648"}],"version-history":[{"count":4,"href":"https:\/\/www.cronicasdeitarantim.com.br\/v1\/wp-json\/wp\/v2\/posts\/160648\/revisions"}],"predecessor-version":[{"id":160656,"href":"https:\/\/www.cronicasdeitarantim.com.br\/v1\/wp-json\/wp\/v2\/posts\/160648\/revisions\/160656"}],"wp:featuredmedia":[{"embeddable":true,"href":"https:\/\/www.cronicasdeitarantim.com.br\/v1\/wp-json\/wp\/v2\/media\/160651"}],"wp:attachment":[{"href":"https:\/\/www.cronicasdeitarantim.com.br\/v1\/wp-json\/wp\/v2\/media?parent=160648"}],"wp:term":[{"taxonomy":"category","embeddable":true,"href":"https:\/\/www.cronicasdeitarantim.com.br\/v1\/wp-json\/wp\/v2\/categories?post=160648"},{"taxonomy":"post_tag","embeddable":true,"href":"https:\/\/www.cronicasdeitarantim.com.br\/v1\/wp-json\/wp\/v2\/tags?post=160648"}],"curies":[{"name":"wp","href":"https:\/\/api.w.org\/{rel}","templated":true}]}}