{"id":160577,"date":"2023-12-19T20:25:30","date_gmt":"2023-12-19T23:25:30","guid":{"rendered":"https:\/\/www.cronicasdeitarantim.com.br\/v1\/?p=160577"},"modified":"2023-12-19T20:25:30","modified_gmt":"2023-12-19T23:25:30","slug":"maiquinique-pesquisa-na-cidade-mostra-chico-batore-liderando-todos-os-cenarios","status":"publish","type":"post","link":"https:\/\/www.cronicasdeitarantim.com.br\/v1\/2023\/12\/19\/maiquinique-pesquisa-na-cidade-mostra-chico-batore-liderando-todos-os-cenarios\/","title":{"rendered":"Maiquinique: Pesquisa na cidade mostra Chico Bator\u00e9 liderando todos os cen\u00e1rios"},"content":{"rendered":"<div id=\":r7\" class=\"Ar Au Ao\">\n<div id=\":r3\" class=\"Am aiL Al editable LW-avf tS-tW tS-tY\" tabindex=\"1\" role=\"textbox\" contenteditable=\"true\" spellcheck=\"false\" aria-label=\"Corpo da mensagem\" aria-multiline=\"true\" aria-owns=\":th\" aria-controls=\":th\" aria-expanded=\"false\">\n<h4>O presidente da C\u00e2mara de Vereadores da cidade de Maiquinique, Chico Bator\u00e9 (Solidariedade), lidera todos os cen\u00e1rios numa pesquisa realizada na \u00faltima semana na cidade.<\/h4>\n<h4>A pesquisa foi realizada pelo Instituto Baiano de Pesquisa, Estrat\u00e9gia e Comunica\u00e7\u00e3o (IBAPEC) que mostrou o postulante \u00e0 cadeira do executivo como o favorito nas elei\u00e7\u00f5es de 2024 com margem bastante ampla da segunda colocada, a atual prefeita Val\u00e9ria Silveira (Podemos).<\/h4>\n<h4>Os dados da pesquisa mostram Chico com 47% dos votos, enquanto a atual prefeita aparece com 26%%, dando uma conota\u00e7\u00e3o que se as elei\u00e7\u00f5es fossem hoje Chico Bator\u00e9 venceria com uma margem folgada na frente da prefeita.<\/h4>\n<h4>Vamos lembrar que, o presidente do legislativo ficou durante tr\u00eas meses no comando da Prefeitura no ano de 2022, tudo por conta da cassa\u00e7\u00e3o do prefeito Jesulino Porto que na \u00e9poca cometeu abuso de poder econ\u00f4mico e foi cassado.<\/h4>\n<h4>Com isso a justi\u00e7a decretou novas elei\u00e7\u00f5es na cidade em que a atual prefeita venceu por uma diferen\u00e7a de apenas 65 votos de frente.<\/h4>\n<h4>Essa lideran\u00e7a folgada de Chico se d\u00e1, al\u00e9m de ter mostrado gest\u00e3o durante os tr\u00eas meses que ele ficou na Prefeitura, mas \u00e9 tamb\u00e9m por conta da p\u00e9ssima administra\u00e7\u00e3o da prefeita Val\u00e9ria que durante esse um ano no comando da Prefeitura perdeu as r\u00e9deas e o controle da gest\u00e3o, deixando a cidade numa crise sem precedente.<\/h4>\n<\/div>\n<\/div>\n","protected":false},"excerpt":{"rendered":"<p>O presidente da C\u00e2mara de Vereadores da cidade de Maiquinique, Chico Bator\u00e9 (Solidariedade), lidera todos os cen\u00e1rios numa pesquisa realizada na \u00faltima semana na cidade. A pesquisa foi realizada pelo Instituto Baiano de Pesquisa, Estrat\u00e9gia e Comunica\u00e7\u00e3o (IBAPEC) que mostrou o postulante \u00e0 cadeira do executivo como o favorito nas elei\u00e7\u00f5es de 2024 com margem bastante ampla da segunda colocada, a atual prefeita Val\u00e9ria Silveira (Podemos). Os dados da pesquisa mostram Chico com 47% dos votos, enquanto a atual prefeita aparece com 26%%, dando uma conota\u00e7\u00e3o que se as elei\u00e7\u00f5es fossem hoje Chico Bator\u00e9 venceria com uma margem folgada na [&hellip;]<\/p>\n","protected":false},"author":4,"featured_media":160296,"comment_status":"open","ping_status":"open","sticky":false,"template":"","format":"standard","meta":[],"categories":[304],"tags":[1780,1772,392,1765],"_links":{"self":[{"href":"https:\/\/www.cronicasdeitarantim.com.br\/v1\/wp-json\/wp\/v2\/posts\/160577"}],"collection":[{"href":"https:\/\/www.cronicasdeitarantim.com.br\/v1\/wp-json\/wp\/v2\/posts"}],"about":[{"href":"https:\/\/www.cronicasdeitarantim.com.br\/v1\/wp-json\/wp\/v2\/types\/post"}],"author":[{"embeddable":true,"href":"https:\/\/www.cronicasdeitarantim.com.br\/v1\/wp-json\/wp\/v2\/users\/4"}],"replies":[{"embeddable":true,"href":"https:\/\/www.cronicasdeitarantim.com.br\/v1\/wp-json\/wp\/v2\/comments?post=160577"}],"version-history":[{"count":1,"href":"https:\/\/www.cronicasdeitarantim.com.br\/v1\/wp-json\/wp\/v2\/posts\/160577\/revisions"}],"predecessor-version":[{"id":160578,"href":"https:\/\/www.cronicasdeitarantim.com.br\/v1\/wp-json\/wp\/v2\/posts\/160577\/revisions\/160578"}],"wp:featuredmedia":[{"embeddable":true,"href":"https:\/\/www.cronicasdeitarantim.com.br\/v1\/wp-json\/wp\/v2\/media\/160296"}],"wp:attachment":[{"href":"https:\/\/www.cronicasdeitarantim.com.br\/v1\/wp-json\/wp\/v2\/media?parent=160577"}],"wp:term":[{"taxonomy":"category","embeddable":true,"href":"https:\/\/www.cronicasdeitarantim.com.br\/v1\/wp-json\/wp\/v2\/categories?post=160577"},{"taxonomy":"post_tag","embeddable":true,"href":"https:\/\/www.cronicasdeitarantim.com.br\/v1\/wp-json\/wp\/v2\/tags?post=160577"}],"curies":[{"name":"wp","href":"https:\/\/api.w.org\/{rel}","templated":true}]}}