{"id":160427,"date":"2023-12-17T23:44:39","date_gmt":"2023-12-18T02:44:39","guid":{"rendered":"https:\/\/www.cronicasdeitarantim.com.br\/v1\/?p=160427"},"modified":"2023-12-17T23:44:39","modified_gmt":"2023-12-18T02:44:39","slug":"politica-imprensa-anunciou-que-geraldo-jr-sera-o-pre-candidato-em-salvador","status":"publish","type":"post","link":"https:\/\/www.cronicasdeitarantim.com.br\/v1\/2023\/12\/17\/politica-imprensa-anunciou-que-geraldo-jr-sera-o-pre-candidato-em-salvador\/","title":{"rendered":"Pol\u00edtica: Imprensa anunciou que Geraldo Jr. ser\u00e1 o pr\u00e9-candidato em Salvador"},"content":{"rendered":"<div class=\"styles__Body-sc-1ffquwr-7 ePhtZb\">\n<h4>A c\u00fapula governista bateu o martelo e definiu que o vice-governador da Bahia, Geraldo J\u00fanior (MDB), ser\u00e1 o candidato a prefeito de Salvador em 2024.<\/h4>\n<h4>Segundo apurou o\u00a0<strong>Metro1<\/strong>, o an\u00fancio de Geraldo J\u00fanior como postulante pode acontecer ainda neste domingo (17). Mas a divulga\u00e7\u00e3o pode ser adiada para os pr\u00f3ximos dias por causa da indefini\u00e7\u00e3o em rela\u00e7\u00e3o ao candidato a vice-prefeito.<\/h4>\n<h4>J\u00e1 na manh\u00e3 deste domingo, em encontro territorial do PT, o governador Jer\u00f4nimo Rodrigues (PT), em conson\u00e2ncia com aliados, expressou o desejo de definir a candidatura ao Pal\u00e1cio Thom\u00e9 de Souza ainda hoje. Para que a oficializa\u00e7\u00e3o aconte\u00e7a neste domingo, tem ocorrido uma s\u00e9rie de reuni\u00f5es entre o governador, o senador Jaques Wagner (PT), e l\u00edderes de partidos aliados, como o MDB.<\/h4>\n<h4>No cen\u00e1rio colocado, com Geraldo Jr. no pleito em Salvador, o MDB vai abrir m\u00e3o de candidaturas no interior na Bahia, como em Vit\u00f3ria da Conquista, onde a disputa interna est\u00e1 entre Waldenor Pereira (PT) e L\u00facia Rocha (MDB).<\/h4>\n<\/div>\n","protected":false},"excerpt":{"rendered":"<p>A c\u00fapula governista bateu o martelo e definiu que o vice-governador da Bahia, Geraldo J\u00fanior (MDB), ser\u00e1 o candidato a prefeito de Salvador em 2024. Segundo apurou o\u00a0Metro1, o an\u00fancio de Geraldo J\u00fanior como postulante pode acontecer ainda neste domingo (17). Mas a divulga\u00e7\u00e3o pode ser adiada para os pr\u00f3ximos dias por causa da indefini\u00e7\u00e3o em rela\u00e7\u00e3o ao candidato a vice-prefeito. J\u00e1 na manh\u00e3 deste domingo, em encontro territorial do PT, o governador Jer\u00f4nimo Rodrigues (PT), em conson\u00e2ncia com aliados, expressou o desejo de definir a candidatura ao Pal\u00e1cio Thom\u00e9 de Souza ainda hoje. Para que a oficializa\u00e7\u00e3o aconte\u00e7a neste [&hellip;]<\/p>\n","protected":false},"author":4,"featured_media":160428,"comment_status":"open","ping_status":"open","sticky":false,"template":"","format":"standard","meta":[],"categories":[304],"tags":[76,1780,389,394,634],"_links":{"self":[{"href":"https:\/\/www.cronicasdeitarantim.com.br\/v1\/wp-json\/wp\/v2\/posts\/160427"}],"collection":[{"href":"https:\/\/www.cronicasdeitarantim.com.br\/v1\/wp-json\/wp\/v2\/posts"}],"about":[{"href":"https:\/\/www.cronicasdeitarantim.com.br\/v1\/wp-json\/wp\/v2\/types\/post"}],"author":[{"embeddable":true,"href":"https:\/\/www.cronicasdeitarantim.com.br\/v1\/wp-json\/wp\/v2\/users\/4"}],"replies":[{"embeddable":true,"href":"https:\/\/www.cronicasdeitarantim.com.br\/v1\/wp-json\/wp\/v2\/comments?post=160427"}],"version-history":[{"count":1,"href":"https:\/\/www.cronicasdeitarantim.com.br\/v1\/wp-json\/wp\/v2\/posts\/160427\/revisions"}],"predecessor-version":[{"id":160429,"href":"https:\/\/www.cronicasdeitarantim.com.br\/v1\/wp-json\/wp\/v2\/posts\/160427\/revisions\/160429"}],"wp:featuredmedia":[{"embeddable":true,"href":"https:\/\/www.cronicasdeitarantim.com.br\/v1\/wp-json\/wp\/v2\/media\/160428"}],"wp:attachment":[{"href":"https:\/\/www.cronicasdeitarantim.com.br\/v1\/wp-json\/wp\/v2\/media?parent=160427"}],"wp:term":[{"taxonomy":"category","embeddable":true,"href":"https:\/\/www.cronicasdeitarantim.com.br\/v1\/wp-json\/wp\/v2\/categories?post=160427"},{"taxonomy":"post_tag","embeddable":true,"href":"https:\/\/www.cronicasdeitarantim.com.br\/v1\/wp-json\/wp\/v2\/tags?post=160427"}],"curies":[{"name":"wp","href":"https:\/\/api.w.org\/{rel}","templated":true}]}}