{"id":160405,"date":"2023-12-15T20:24:26","date_gmt":"2023-12-15T23:24:26","guid":{"rendered":"https:\/\/www.cronicasdeitarantim.com.br\/v1\/?p=160405"},"modified":"2023-12-15T20:24:26","modified_gmt":"2023-12-15T23:24:26","slug":"economia-pis-pasep-2024-comeca-a-ser-pago-em-15-de-fevereiro","status":"publish","type":"post","link":"https:\/\/www.cronicasdeitarantim.com.br\/v1\/2023\/12\/15\/economia-pis-pasep-2024-comeca-a-ser-pago-em-15-de-fevereiro\/","title":{"rendered":"Economia: PIS\/Pasep 2024 come\u00e7a a ser pago em 15 de fevereiro"},"content":{"rendered":"<div class=\"post-item-wrap\">\n<h4>Cerca de 24 milh\u00f5es de pessoas que trabalharam com carteira assinada em 2022 poder\u00e3o sacar R$ 22,6 bilh\u00f5es do abono salarial de fevereiro a agosto do pr\u00f3ximo ano. O Conselho Deliberativo do Fundo de Amparo ao Trabalhador (Codefat) aprovou nesta quarta-feira (13) o calend\u00e1rio do Programa de Integra\u00e7\u00e3o Social (PIS) e do Programa de Forma\u00e7\u00e3o do Patrim\u00f4nio do Servidor P\u00fablico (Pasep) para 2024.<img decoding=\"async\" src=\"https:\/\/agenciabrasil.ebc.com.br\/ebc.png?id=1572208&amp;o=node\" \/><img decoding=\"async\" src=\"https:\/\/agenciabrasil.ebc.com.br\/ebc.gif?id=1572208&amp;o=node\" \/><\/h4>\n<h4>Segundo o Codefat, o abono salarial do pr\u00f3ximo ano ser\u00e1 pago a 24,67 milh\u00f5es de trabalhadores em todo o pa\u00eds. Desse total, 21,95 milh\u00f5es que trabalham na iniciativa privada receber\u00e3o R$ 19,8 bilh\u00f5es do PIS e 2,72 milh\u00f5es de servidores p\u00fablicos, empregados de estatais e militares t\u00eam direito a R$ 2,7 bilh\u00f5es do Pasep. O PIS \u00e9 pago pela Caixa Econ\u00f4mica Federal e o Pasep, pelo Banco do Brasil.<\/h4>\n<h4>Como ocorre tradicionalmente, os pagamentos ser\u00e3o divididos em seis lotes, baseados no m\u00eas de nascimento, no caso do PIS, e no n\u00famero final de inscri\u00e7\u00e3o, no caso do Pasep. O saque ter\u00e1 in\u00edcio nas datas de libera\u00e7\u00e3o dos lotes e acabar\u00e1 em 27 de dezembro de 2024. Ap\u00f3s esse prazo, ser\u00e1 necess\u00e1rio aguardar convoca\u00e7\u00e3o especial do Minist\u00e9rio do Trabalho e Previd\u00eancia.<\/h4>\n<h4>Quem tem direito<\/h4>\n<h4>Tem direito ao benef\u00edcio o trabalhador inscrito no PIS\/Pasep h\u00e1, pelo menos, 5 anos, e que tenha trabalhado formalmente por, no m\u00ednimo, 30 dias no ano-base considerado para a apura\u00e7\u00e3o, com remunera\u00e7\u00e3o mensal m\u00e9dia de at\u00e9 dois sal\u00e1rios m\u00ednimos. Tamb\u00e9m \u00e9 necess\u00e1rio que os dados tenham sido informados corretamente pelo empregador na Rela\u00e7\u00e3o Anual de Informa\u00e7\u00f5es Sociais (Rais).<\/h4>\n<h4>O valor do abono \u00e9 proporcional ao per\u00edodo em que o empregado trabalhou com carteira assinada em 2022. Cada m\u00eas trabalhado equivale a um benef\u00edcio de R$ 108,50, com per\u00edodos iguais ou superiores a 15 dias contados como m\u00eas cheio. Quem trabalhou 12 meses com carteira assinada receber\u00e1 o sal\u00e1rio m\u00ednimo cheio, previsto para R$ 1.413 no pr\u00f3ximo ano, segundo o relat\u00f3rio setorial do Or\u00e7amento Geral da Uni\u00e3o de 2024.<\/h4>\n<h4>Saque do PIS, pago pela Caixa<\/h4>\n<h4>Para trabalhadores de empresas privadas<\/h4>\n<h4>Nascidos em\u2002 Recebem a partir de\u2002\u2002\u2002\u2002\u2002 Recebem at\u00e9<\/h4>\n<h4>Janeiro\u2002\u2002\u2002\u2002\u2002\u00a0\u00a0\u00a0\u00a0\u00a0\u00a0\u00a0\u00a0\u00a0\u00a0\u00a0\u00a0\u00a0\u00a0\u00a0\u00a0 15\/2\/2024\u2002\u2002\u2002\u00a0\u00a0\u00a0\u00a0 27\/12\/2024<\/h4>\n<h4>Fevereiro\u2002\u2002\u2002\u00a0\u00a0\u00a0\u00a0\u00a0\u00a0\u00a0\u00a0\u00a0\u00a0\u00a0\u00a0\u00a0\u00a0\u00a0\u00a0 15\/3\/2024\u2002\u2002\u2002\u00a0\u00a0\u00a0\u00a0\u00a0 27\/12\/2024<\/h4>\n<h4>Mar\u00e7o e abril\u2002\u00a0\u00a0\u00a0\u00a0\u00a0\u00a0\u00a0\u00a0\u00a0\u00a0\u00a0\u00a0\u00a0\u00a0 15\/4\/2024\u2002\u2002\u2002\u00a0\u00a0\u00a0\u00a0\u00a0 27\/12\/2024<\/h4>\n<h4>Maio e junho\u2002\u00a0\u00a0\u00a0\u00a0\u00a0\u00a0\u00a0\u00a0\u00a0\u00a0\u00a0\u00a0\u00a0\u00a0 15\/5\/2024\u2002\u2002\u2002\u00a0\u00a0\u00a0\u00a0\u00a0 27\/12\/2024<\/h4>\n<h4>Julho e agosto\u00a0\u00a0\u00a0\u00a0\u00a0\u00a0\u00a0\u00a0\u00a0\u00a0\u00a0\u00a0\u00a0\u00a0 17\/6\/2024\u2002\u2002\u2002\u00a0\u00a0\u00a0\u00a0\u00a0 27\/12\/2024<\/h4>\n<h4>Setembro e outubro\u00a0\u00a0\u00a0\u00a0\u00a0\u00a0 15\/7\/2024\u2002\u2002\u2002\u00a0\u00a0\u00a0\u00a0\u00a0 27\/12\/2024<\/h4>\n<h4>Novembro e dezembro\u00a0\u00a0\u00a0 17\/8\/2024\u2002\u00a0\u00a0\u00a0\u00a0\u00a0\u00a0\u00a0\u00a0 27\/12\/2024<\/h4>\n<h4><\/h4>\n<h4>Saque do Pasep, pago pelo Banco do Brasil<\/h4>\n<h4>Para quem trabalhou em empresas p\u00fablicas<\/h4>\n<h4><\/h4>\n<h4>Final da inscri\u00e7\u00e3o\u2002\u2002\u2002\u2002\u2002\u2002Recebem a partir de\u2002\u2002\u2002\u2002\u2002Recebem at\u00e9<\/h4>\n<h4>0\u2002\u2002\u2002\u2002\u2002\u00a0\u00a0\u00a0\u00a0\u00a0\u00a0\u00a0\u00a0\u00a0\u00a0\u00a0\u00a0\u00a0\u00a0\u00a0\u00a0\u00a0\u00a0\u00a0\u00a0\u00a0\u00a0\u00a0\u00a0\u00a0\u00a0\u00a0\u00a0\u00a0\u00a0 15\/2\/2024\u2002\u2002\u2002\u00a0\u00a0\u00a0\u00a0\u00a0\u00a0\u00a0\u00a0\u00a0 27\/12\/2024<\/h4>\n<h4>1\u2002\u2002\u2002\u2002\u2002\u00a0\u00a0\u00a0\u00a0\u00a0\u00a0\u00a0\u00a0\u00a0\u00a0\u00a0\u00a0\u00a0\u00a0\u00a0\u00a0\u00a0\u00a0\u00a0\u00a0\u00a0\u00a0\u00a0\u00a0\u00a0\u00a0\u00a0\u00a0\u00a0\u00a0 15\/3\/2024\u2002\u2002\u2002\u00a0\u00a0\u00a0\u00a0\u00a0\u00a0\u00a0\u00a0\u00a0 27\/12\/2024<\/h4>\n<h4>2 e 3\u2002\u00a0\u00a0\u00a0\u00a0\u00a0\u00a0\u00a0\u00a0\u00a0\u00a0\u00a0\u00a0\u00a0\u00a0\u00a0\u00a0\u00a0\u00a0\u00a0\u00a0\u00a0\u00a0\u00a0\u00a0\u00a0\u00a0\u00a0\u00a0\u00a0\u00a0\u00a0\u00a0 15\/4\/2024\u2002\u2002\u2002\u00a0\u00a0\u00a0\u00a0\u00a0\u00a0\u00a0\u00a0\u00a0 27\/12\/2024<\/h4>\n<h4>4 e 5\u2002\u00a0\u00a0\u00a0\u00a0\u00a0\u00a0\u00a0\u00a0\u00a0\u00a0\u00a0\u00a0\u00a0\u00a0\u00a0\u00a0\u00a0\u00a0\u00a0\u00a0\u00a0\u00a0\u00a0\u00a0\u00a0\u00a0\u00a0\u00a0\u00a0\u00a0\u00a0\u00a0 15\/5\/2024\u2002\u2002\u2002\u00a0\u00a0\u00a0\u00a0\u00a0\u00a0\u00a0\u00a0\u00a0 27\/12\/2024<\/h4>\n<h4>6 e 7\u2002\u00a0\u00a0\u00a0\u00a0\u00a0\u00a0\u00a0\u00a0\u00a0\u00a0\u00a0\u00a0\u00a0\u00a0\u00a0\u00a0\u00a0\u00a0\u00a0\u00a0\u00a0\u00a0\u00a0\u00a0\u00a0\u00a0\u00a0\u00a0\u00a0\u00a0\u00a0\u00a0 17\/6\/2024\u2002\u2002\u2002\u00a0\u00a0\u00a0\u00a0\u00a0\u00a0\u00a0\u00a0\u00a0 27\/12\/2024<\/h4>\n<h4>8\u2002\u2002\u2002\u2002\u2002\u00a0\u00a0\u00a0\u00a0\u00a0\u00a0\u00a0\u00a0\u00a0\u00a0\u00a0\u00a0\u00a0\u00a0\u00a0\u00a0\u00a0\u00a0\u00a0\u00a0\u00a0\u00a0\u00a0\u00a0\u00a0\u00a0\u00a0\u00a0\u00a0\u00a0 15\/7\/2024\u2002\u2002\u2002\u00a0\u00a0\u00a0\u00a0\u00a0\u00a0\u00a0\u00a0\u00a0 27\/12\/2024<\/h4>\n<h4>9\u2002\u2002\u2002\u2002\u2002\u00a0\u00a0\u00a0\u00a0\u00a0\u00a0\u00a0\u00a0\u00a0\u00a0\u00a0\u00a0\u00a0\u00a0\u00a0\u00a0\u00a0\u00a0\u00a0\u00a0\u00a0\u00a0\u00a0\u00a0\u00a0\u00a0\u00a0\u00a0\u00a0\u00a0 17\/8\/2024\u2002\u2002\u2002\u00a0\u00a0\u00a0\u00a0\u00a0\u00a0\u00a0\u00a0\u00a0 27\/12\/2024<\/h4>\n<h4>Fonte: Codefat<\/h4>\n<h4>Pagamento<\/h4>\n<h4>Trabalhadores da iniciativa privada com conta corrente ou poupan\u00e7a na Caixa receber\u00e3o o cr\u00e9dito automaticamente no banco, de acordo com o m\u00eas de seu nascimento.<\/h4>\n<h4>Os demais benefici\u00e1rios receber\u00e3o os valores por meio da poupan\u00e7a social digital, que pode ser movimentada pelo aplicativo Caixa Tem. Caso n\u00e3o seja poss\u00edvel a abertura da conta digital, o saque poder\u00e1 ser realizado com o Cart\u00e3o do Cidad\u00e3o e senha nos terminais de autoatendimento, unidades lot\u00e9ricas, Caixa Aqui ou ag\u00eancias, tamb\u00e9m de acordo com o calend\u00e1rio de pagamento escalonado por m\u00eas de nascimento.<\/h4>\n<h4>O pagamento do abono do Pasep ocorre via cr\u00e9dito em conta para quem \u00e9 correntista ou tem poupan\u00e7a no Banco do Brasil. O trabalhador que n\u00e3o \u00e9 correntista do BB pode efetuar a transfer\u00eancia via TED para conta de sua titularidade nos terminais de autoatendimento e no portal www.bb.com.br\/pasep ou no guich\u00ea de caixa das ag\u00eancias, mediante apresenta\u00e7\u00e3o de documento oficial de identidade.<\/h4>\n<h4>At\u00e9 2020, o abono salarial do ano anterior era pago de julho do ano corrente a junho do ano seguinte. No in\u00edcio de 2021, o Codefat atendeu a recomenda\u00e7\u00e3o da Controladoria-Geral da Uni\u00e3o (CGU) e passou a depositar o dinheiro\u00a0somente 2 anos ap\u00f3s o trabalho com carteira assinada. (Fonte: Ag\u00eancia Brasil).<\/h4>\n<\/div>\n","protected":false},"excerpt":{"rendered":"<p>Cerca de 24 milh\u00f5es de pessoas que trabalharam com carteira assinada em 2022 poder\u00e3o sacar R$ 22,6 bilh\u00f5es do abono salarial de fevereiro a agosto do pr\u00f3ximo ano. O Conselho Deliberativo do Fundo de Amparo ao Trabalhador (Codefat) aprovou nesta quarta-feira (13) o calend\u00e1rio do Programa de Integra\u00e7\u00e3o Social (PIS) e do Programa de Forma\u00e7\u00e3o do Patrim\u00f4nio do Servidor P\u00fablico (Pasep) para 2024. Segundo o Codefat, o abono salarial do pr\u00f3ximo ano ser\u00e1 pago a 24,67 milh\u00f5es de trabalhadores em todo o pa\u00eds. Desse total, 21,95 milh\u00f5es que trabalham na iniciativa privada receber\u00e3o R$ 19,8 bilh\u00f5es do PIS e 2,72 [&hellip;]<\/p>\n","protected":false},"author":4,"featured_media":160406,"comment_status":"open","ping_status":"open","sticky":false,"template":"","format":"standard","meta":[],"categories":[296],"tags":[433,1780,127],"_links":{"self":[{"href":"https:\/\/www.cronicasdeitarantim.com.br\/v1\/wp-json\/wp\/v2\/posts\/160405"}],"collection":[{"href":"https:\/\/www.cronicasdeitarantim.com.br\/v1\/wp-json\/wp\/v2\/posts"}],"about":[{"href":"https:\/\/www.cronicasdeitarantim.com.br\/v1\/wp-json\/wp\/v2\/types\/post"}],"author":[{"embeddable":true,"href":"https:\/\/www.cronicasdeitarantim.com.br\/v1\/wp-json\/wp\/v2\/users\/4"}],"replies":[{"embeddable":true,"href":"https:\/\/www.cronicasdeitarantim.com.br\/v1\/wp-json\/wp\/v2\/comments?post=160405"}],"version-history":[{"count":1,"href":"https:\/\/www.cronicasdeitarantim.com.br\/v1\/wp-json\/wp\/v2\/posts\/160405\/revisions"}],"predecessor-version":[{"id":160407,"href":"https:\/\/www.cronicasdeitarantim.com.br\/v1\/wp-json\/wp\/v2\/posts\/160405\/revisions\/160407"}],"wp:featuredmedia":[{"embeddable":true,"href":"https:\/\/www.cronicasdeitarantim.com.br\/v1\/wp-json\/wp\/v2\/media\/160406"}],"wp:attachment":[{"href":"https:\/\/www.cronicasdeitarantim.com.br\/v1\/wp-json\/wp\/v2\/media?parent=160405"}],"wp:term":[{"taxonomy":"category","embeddable":true,"href":"https:\/\/www.cronicasdeitarantim.com.br\/v1\/wp-json\/wp\/v2\/categories?post=160405"},{"taxonomy":"post_tag","embeddable":true,"href":"https:\/\/www.cronicasdeitarantim.com.br\/v1\/wp-json\/wp\/v2\/tags?post=160405"}],"curies":[{"name":"wp","href":"https:\/\/api.w.org\/{rel}","templated":true}]}}