{"id":160400,"date":"2023-12-15T16:59:32","date_gmt":"2023-12-15T19:59:32","guid":{"rendered":"https:\/\/www.cronicasdeitarantim.com.br\/v1\/?p=160400"},"modified":"2023-12-15T16:59:32","modified_gmt":"2023-12-15T19:59:32","slug":"limpeza-de-rio-em-itarantim-se-transforma-em-crime-ambiental-e-evidencia-a-falta-de-projetos-de-revitalizacao","status":"publish","type":"post","link":"https:\/\/www.cronicasdeitarantim.com.br\/v1\/2023\/12\/15\/limpeza-de-rio-em-itarantim-se-transforma-em-crime-ambiental-e-evidencia-a-falta-de-projetos-de-revitalizacao\/","title":{"rendered":"Limpeza de rio em Itarantim se transforma em crime ambiental e evidencia a falta de projetos de revitaliza\u00e7\u00e3o"},"content":{"rendered":"<h4>A Prefeitura de Itarantim realizou um servi\u00e7o de limpeza no rio Jundi\u00e1, que corta a cidade pr\u00f3ximo a ponte na sa\u00edda para Jord\u00e2nia, Minas Gerais. No entanto, o que deveria ser uma a\u00e7\u00e3o para preservar o ambiente acabou se tornando um crime ambiental.<\/h4>\n<h4>Segundo relatos de moradores, a m\u00e1quina utilizada na limpeza desviou o curso da \u00e1gua que \u00e9 utilizada para o consumo animal, causando danos ao ecossistema local. Al\u00e9m disso, muitas vegeta\u00e7\u00f5es ao redor do rio foram destru\u00eddas.<\/h4>\n<h4>A falta de um projeto de revitaliza\u00e7\u00e3o para o rio Jundi\u00e1 \u00e9 uma preocupa\u00e7\u00e3o, pois ele est\u00e1 completamente polu\u00eddo e sua situa\u00e7\u00e3o tem se deteriorado ao longo dos anos. Antigamente, as pessoas costumavam se banhar em suas \u00e1guas limpas, mas atualmente o rio agoniza.<\/h4>\n<h4>A aus\u00eancia de fiscaliza\u00e7\u00e3o e a falta de projetos que visem a revitaliza\u00e7\u00e3o do rio t\u00eam contribu\u00eddo para a ocorr\u00eancia de diversos crimes ambientais na regi\u00e3o. \u00c9 necess\u00e1rio que a Prefeitura tome medidas efetivas para desbloquear a \u00e1gua desviada e promover o reflorestamento das \u00e1reas afetadas.<\/h4>\n<h4>Um propriet\u00e1rio que faz uso para consumo animal da \u00e1gua do rio pr\u00f3ximo \u00e0 localidade realizou uma den\u00fancia e espera-se que a Prefeitura cumpra sua promessa de desbloquear o curso da \u00e1gua. No entanto, al\u00e9m disso, ser\u00e1 preciso implementar novos projetos de plantio e reflorestamento para reparar os danos causados \u00e0 vegeta\u00e7\u00e3o ao redor do rio.<\/h4>\n<h4>\u00c9 fundamental que sejam tomadas medidas urgentes para reverter essa situa\u00e7\u00e3o e garantir a preserva\u00e7\u00e3o desse importante recurso natural, al\u00e9m de conscientizar a popula\u00e7\u00e3o sobre a import\u00e2ncia da conserva\u00e7\u00e3o ambiental.<\/h4>\n","protected":false},"excerpt":{"rendered":"<p>A Prefeitura de Itarantim realizou um servi\u00e7o de limpeza no rio Jundi\u00e1, que corta a cidade pr\u00f3ximo a ponte na sa\u00edda para Jord\u00e2nia, Minas Gerais. No entanto, o que deveria ser uma a\u00e7\u00e3o para preservar o ambiente acabou se tornando um crime ambiental. Segundo relatos de moradores, a m\u00e1quina utilizada na limpeza desviou o curso da \u00e1gua que \u00e9 utilizada para o consumo animal, causando danos ao ecossistema local. Al\u00e9m disso, muitas vegeta\u00e7\u00f5es ao redor do rio foram destru\u00eddas. A falta de um projeto de revitaliza\u00e7\u00e3o para o rio Jundi\u00e1 \u00e9 uma preocupa\u00e7\u00e3o, pois ele est\u00e1 completamente polu\u00eddo e sua [&hellip;]<\/p>\n","protected":false},"author":4,"featured_media":160401,"comment_status":"open","ping_status":"open","sticky":false,"template":"","format":"standard","meta":[],"categories":[362],"tags":[696,2347,385,2510,497],"_links":{"self":[{"href":"https:\/\/www.cronicasdeitarantim.com.br\/v1\/wp-json\/wp\/v2\/posts\/160400"}],"collection":[{"href":"https:\/\/www.cronicasdeitarantim.com.br\/v1\/wp-json\/wp\/v2\/posts"}],"about":[{"href":"https:\/\/www.cronicasdeitarantim.com.br\/v1\/wp-json\/wp\/v2\/types\/post"}],"author":[{"embeddable":true,"href":"https:\/\/www.cronicasdeitarantim.com.br\/v1\/wp-json\/wp\/v2\/users\/4"}],"replies":[{"embeddable":true,"href":"https:\/\/www.cronicasdeitarantim.com.br\/v1\/wp-json\/wp\/v2\/comments?post=160400"}],"version-history":[{"count":1,"href":"https:\/\/www.cronicasdeitarantim.com.br\/v1\/wp-json\/wp\/v2\/posts\/160400\/revisions"}],"predecessor-version":[{"id":160402,"href":"https:\/\/www.cronicasdeitarantim.com.br\/v1\/wp-json\/wp\/v2\/posts\/160400\/revisions\/160402"}],"wp:featuredmedia":[{"embeddable":true,"href":"https:\/\/www.cronicasdeitarantim.com.br\/v1\/wp-json\/wp\/v2\/media\/160401"}],"wp:attachment":[{"href":"https:\/\/www.cronicasdeitarantim.com.br\/v1\/wp-json\/wp\/v2\/media?parent=160400"}],"wp:term":[{"taxonomy":"category","embeddable":true,"href":"https:\/\/www.cronicasdeitarantim.com.br\/v1\/wp-json\/wp\/v2\/categories?post=160400"},{"taxonomy":"post_tag","embeddable":true,"href":"https:\/\/www.cronicasdeitarantim.com.br\/v1\/wp-json\/wp\/v2\/tags?post=160400"}],"curies":[{"name":"wp","href":"https:\/\/api.w.org\/{rel}","templated":true}]}}