{"id":160331,"date":"2023-12-12T01:33:52","date_gmt":"2023-12-12T04:33:52","guid":{"rendered":"https:\/\/www.cronicasdeitarantim.com.br\/v1\/?p=160331"},"modified":"2023-12-12T01:33:52","modified_gmt":"2023-12-12T04:33:52","slug":"maiquinique-secretario-de-administracao-disse-que-r-600-mil-foi-economizado-com-cortes-na-prefeitura","status":"publish","type":"post","link":"https:\/\/www.cronicasdeitarantim.com.br\/v1\/2023\/12\/12\/maiquinique-secretario-de-administracao-disse-que-r-600-mil-foi-economizado-com-cortes-na-prefeitura\/","title":{"rendered":"Maiquinique: Secret\u00e1rio de Administra\u00e7\u00e3o disse que R$ 600 mil foi economizado com cortes na Prefeitura"},"content":{"rendered":"<h3>Secret\u00e1rio de Administra\u00e7\u00e3o de Maiquinique anuncia economia de R$ 600 mil, mas enfrenta cr\u00edticas e incertezas sobre sua perman\u00eancia.<\/h3>\n<h4>O Secret\u00e1rio de Administra\u00e7\u00e3o da cidade de Maiquinique, Vonka, assumiu recentemente a pasta na gest\u00e3o da prefeita Val\u00e9ria Silveira (Podemos), ap\u00f3s a sa\u00edda de dois Secret\u00e1rios anteriores. Em seu discurso na Tribuna da C\u00e2mara de Vereadores, durante a sess\u00e3o da noite desta segunda-feira (11), Vonka afirmou que a Prefeitura conseguiu economizar R$ 600 mil com os cortes que foram realizados desde sua chegada.<\/h4>\n<h4>Vonka, que j\u00e1 foi deputado, revelou ter sido convidado pela prefeita Val\u00e9ria devido a la\u00e7os familiares e ao se deparar com uma situa\u00e7\u00e3o decadente na Prefeitura, decidiu assumir a pasta para auxiliar na solu\u00e7\u00e3o dos problemas. No entanto, sua chegada causou certa controv\u00e9rsia e desconfian\u00e7a na gest\u00e3o da prefeita Val\u00e9ria, com algumas pessoas ligadas \u00e0 administra\u00e7\u00e3o afirmando que suas decis\u00f5es estavam sendo arbitr\u00e1rias.<\/h4>\n<h4>Durante seu pronunciamento na C\u00e2mara, o Secret\u00e1rio mencionou que seu prazo para permanecer na cidade era apenas at\u00e9 o m\u00eas de dezembro. Quando questionado pelos vereadores se deixaria o cargo, ele respondeu com um discurso de miss\u00e3o cumprida e sugeriu que poderia assumir uma nova miss\u00e3o em breve, mas n\u00e3o confirmou se ir\u00e1 sair.<\/h4>\n<h4>Esses acontecimentos geraram um debate na cidade sobre a atua\u00e7\u00e3o do Secret\u00e1rio Vonka e suas inten\u00e7\u00f5es futuras na administra\u00e7\u00e3o municipal. A popula\u00e7\u00e3o aguarda por mais informa\u00e7\u00f5es e esclarecimentos sobre os rumos da gest\u00e3o da prefeita Val\u00e9ria Silveira e os impactos das a\u00e7\u00f5es realizadas pelo Secret\u00e1rio Vonka, uma delas \u00e9 a promessa de gera\u00e7\u00e3o de emprego e renda que a popula\u00e7\u00e3o de Maiquinqiue clama depois do fechamento da Renata Mello.<\/h4>\n<h4>Confira fala do Secret\u00e1rio:<\/h4>\n<p><iframe loading=\"lazy\" title=\"Secret\u00e1rio de administra\u00e7\u00e3o de Maiquinique que economizou 600 mil com cortes by Cr\u00f4nicas de Itarantim\" width=\"1200\" height=\"400\" scrolling=\"no\" frameborder=\"no\" src=\"https:\/\/w.soundcloud.com\/player\/?visual=true&#038;url=https%3A%2F%2Fapi.soundcloud.com%2Ftracks%2F1688150487&#038;show_artwork=true&#038;maxheight=1000&#038;maxwidth=1200\"><\/iframe><\/p>\n","protected":false},"excerpt":{"rendered":"<p>Secret\u00e1rio de Administra\u00e7\u00e3o de Maiquinique anuncia economia de R$ 600 mil, mas enfrenta cr\u00edticas e incertezas sobre sua perman\u00eancia. O Secret\u00e1rio de Administra\u00e7\u00e3o da cidade de Maiquinique, Vonka, assumiu recentemente a pasta na gest\u00e3o da prefeita Val\u00e9ria Silveira (Podemos), ap\u00f3s a sa\u00edda de dois Secret\u00e1rios anteriores. Em seu discurso na Tribuna da C\u00e2mara de Vereadores, durante a sess\u00e3o da noite desta segunda-feira (11), Vonka afirmou que a Prefeitura conseguiu economizar R$ 600 mil com os cortes que foram realizados desde sua chegada. Vonka, que j\u00e1 foi deputado, revelou ter sido convidado pela prefeita Val\u00e9ria devido a la\u00e7os familiares e ao [&hellip;]<\/p>\n","protected":false},"author":4,"featured_media":160332,"comment_status":"open","ping_status":"open","sticky":false,"template":"","format":"standard","meta":[],"categories":[1448],"tags":[1780,127,392,1765],"_links":{"self":[{"href":"https:\/\/www.cronicasdeitarantim.com.br\/v1\/wp-json\/wp\/v2\/posts\/160331"}],"collection":[{"href":"https:\/\/www.cronicasdeitarantim.com.br\/v1\/wp-json\/wp\/v2\/posts"}],"about":[{"href":"https:\/\/www.cronicasdeitarantim.com.br\/v1\/wp-json\/wp\/v2\/types\/post"}],"author":[{"embeddable":true,"href":"https:\/\/www.cronicasdeitarantim.com.br\/v1\/wp-json\/wp\/v2\/users\/4"}],"replies":[{"embeddable":true,"href":"https:\/\/www.cronicasdeitarantim.com.br\/v1\/wp-json\/wp\/v2\/comments?post=160331"}],"version-history":[{"count":1,"href":"https:\/\/www.cronicasdeitarantim.com.br\/v1\/wp-json\/wp\/v2\/posts\/160331\/revisions"}],"predecessor-version":[{"id":160333,"href":"https:\/\/www.cronicasdeitarantim.com.br\/v1\/wp-json\/wp\/v2\/posts\/160331\/revisions\/160333"}],"wp:featuredmedia":[{"embeddable":true,"href":"https:\/\/www.cronicasdeitarantim.com.br\/v1\/wp-json\/wp\/v2\/media\/160332"}],"wp:attachment":[{"href":"https:\/\/www.cronicasdeitarantim.com.br\/v1\/wp-json\/wp\/v2\/media?parent=160331"}],"wp:term":[{"taxonomy":"category","embeddable":true,"href":"https:\/\/www.cronicasdeitarantim.com.br\/v1\/wp-json\/wp\/v2\/categories?post=160331"},{"taxonomy":"post_tag","embeddable":true,"href":"https:\/\/www.cronicasdeitarantim.com.br\/v1\/wp-json\/wp\/v2\/tags?post=160331"}],"curies":[{"name":"wp","href":"https:\/\/api.w.org\/{rel}","templated":true}]}}