{"id":160305,"date":"2023-12-10T20:28:55","date_gmt":"2023-12-10T23:28:55","guid":{"rendered":"https:\/\/www.cronicasdeitarantim.com.br\/v1\/?p=160305"},"modified":"2023-12-10T20:29:17","modified_gmt":"2023-12-10T23:29:17","slug":"politica-eduardo-almeida-e-o-presidente-da-camara-zeza-junto-com-comitiva-participa-de-evento-em-maiquinique","status":"publish","type":"post","link":"https:\/\/www.cronicasdeitarantim.com.br\/v1\/2023\/12\/10\/politica-eduardo-almeida-e-o-presidente-da-camara-zeza-junto-com-comitiva-participa-de-evento-em-maiquinique\/","title":{"rendered":"Pol\u00edtica: Eduardo Almeida e o presidente da C\u00e2mara Zeza junto com comitiva participa de evento em Maiquinique"},"content":{"rendered":"<h4>O pr\u00e9-candidato a prefeito de Itarantim, o advogado Eduardo Almeida (Avante) e o presidente da C\u00e2mara de Vereadores do munic\u00edpio, Zeza Gigante (Uni\u00e3o Brasil), lideraram uma comitiva que participou de um evento pol\u00edtico na cidade de Maiquinique organizado pelo pr\u00e9-candidato a prefeito Chico Bator\u00e9.<\/h4>\n<h4>O evento pol\u00edtico que foi realizado neste s\u00e1bado (09) sinalizou a for\u00e7a de Chico na cidade que vem passando por crise na Prefeitura que \u00e9 administrada pela prefeita Val\u00e9ria Silveira (Podemos) que foi eleita numa elei\u00e7\u00e3o suplementar na cidade por conta da cassa\u00e7\u00e3o do prefeito Jesulino Porto.<\/h4>\n<h4>A comitiva de Itarantim liderada pelo pr\u00e9-candidato e o presidente do legislativo estiveram tamb\u00e9m com o Deputado Federal Neto Carletto que esteve no evento. Neto foi apoiado no munic\u00edpio de Itarantim pelos dois pol\u00edticos que deram uma expressiva vota\u00e7\u00e3o ao Deputado.<\/h4>\n<h4>Nossa reportagem conversou com o Deputado e com Du Almeida e voc\u00ea pode conferir tudo aqui:<\/h4>\n<p><iframe loading=\"lazy\" title=\"Entrevista: Deputado Federal Neto Carletto e Du Almeida by Cr\u00f4nicas de Itarantim\" width=\"1200\" height=\"400\" scrolling=\"no\" frameborder=\"no\" src=\"https:\/\/w.soundcloud.com\/player\/?visual=true&#038;url=https%3A%2F%2Fapi.soundcloud.com%2Ftracks%2F1687280718&#038;show_artwork=true&#038;maxheight=1000&#038;maxwidth=1200\"><\/iframe><\/p>\n","protected":false},"excerpt":{"rendered":"<p>O pr\u00e9-candidato a prefeito de Itarantim, o advogado Eduardo Almeida (Avante) e o presidente da C\u00e2mara de Vereadores do munic\u00edpio, Zeza Gigante (Uni\u00e3o Brasil), lideraram uma comitiva que participou de um evento pol\u00edtico na cidade de Maiquinique organizado pelo pr\u00e9-candidato a prefeito Chico Bator\u00e9. O evento pol\u00edtico que foi realizado neste s\u00e1bado (09) sinalizou a for\u00e7a de Chico na cidade que vem passando por crise na Prefeitura que \u00e9 administrada pela prefeita Val\u00e9ria Silveira (Podemos) que foi eleita numa elei\u00e7\u00e3o suplementar na cidade por conta da cassa\u00e7\u00e3o do prefeito Jesulino Porto. A comitiva de Itarantim liderada pelo pr\u00e9-candidato e o [&hellip;]<\/p>\n","protected":false},"author":4,"featured_media":0,"comment_status":"open","ping_status":"open","sticky":false,"template":"","format":"standard","meta":[],"categories":[304],"tags":[1708,1780,385,392,389],"_links":{"self":[{"href":"https:\/\/www.cronicasdeitarantim.com.br\/v1\/wp-json\/wp\/v2\/posts\/160305"}],"collection":[{"href":"https:\/\/www.cronicasdeitarantim.com.br\/v1\/wp-json\/wp\/v2\/posts"}],"about":[{"href":"https:\/\/www.cronicasdeitarantim.com.br\/v1\/wp-json\/wp\/v2\/types\/post"}],"author":[{"embeddable":true,"href":"https:\/\/www.cronicasdeitarantim.com.br\/v1\/wp-json\/wp\/v2\/users\/4"}],"replies":[{"embeddable":true,"href":"https:\/\/www.cronicasdeitarantim.com.br\/v1\/wp-json\/wp\/v2\/comments?post=160305"}],"version-history":[{"count":2,"href":"https:\/\/www.cronicasdeitarantim.com.br\/v1\/wp-json\/wp\/v2\/posts\/160305\/revisions"}],"predecessor-version":[{"id":160308,"href":"https:\/\/www.cronicasdeitarantim.com.br\/v1\/wp-json\/wp\/v2\/posts\/160305\/revisions\/160308"}],"wp:attachment":[{"href":"https:\/\/www.cronicasdeitarantim.com.br\/v1\/wp-json\/wp\/v2\/media?parent=160305"}],"wp:term":[{"taxonomy":"category","embeddable":true,"href":"https:\/\/www.cronicasdeitarantim.com.br\/v1\/wp-json\/wp\/v2\/categories?post=160305"},{"taxonomy":"post_tag","embeddable":true,"href":"https:\/\/www.cronicasdeitarantim.com.br\/v1\/wp-json\/wp\/v2\/tags?post=160305"}],"curies":[{"name":"wp","href":"https:\/\/api.w.org\/{rel}","templated":true}]}}