{"id":160293,"date":"2023-12-10T14:11:12","date_gmt":"2023-12-10T17:11:12","guid":{"rendered":"https:\/\/www.cronicasdeitarantim.com.br\/v1\/?p=160293"},"modified":"2023-12-10T14:11:12","modified_gmt":"2023-12-10T17:11:12","slug":"mundo-nove-em-cada-dez-pessoas-em-gaza-estao-passando-fome-afirma-diretor-da-onu","status":"publish","type":"post","link":"https:\/\/www.cronicasdeitarantim.com.br\/v1\/2023\/12\/10\/mundo-nove-em-cada-dez-pessoas-em-gaza-estao-passando-fome-afirma-diretor-da-onu\/","title":{"rendered":"Mundo: Nove em cada dez pessoas em Gaza est\u00e3o passando fome, afirma diretor da ONU"},"content":{"rendered":"<div class=\"styles__Body-sc-1ffquwr-7 ePhtZb\">\n<h4>Devido \u00e0 continuidade da guerra entre Israel e Hamas, parte significativa da popula\u00e7\u00e3o da Faixa Gaza est\u00e1 passando fome, \u00e9 o que afirmou um alto funcion\u00e1rio da Organiza\u00e7\u00e3o das Na\u00e7\u00f5es Unidas (0NU), respons\u00e1vel pelo setor de ajuda humanit\u00e1ria, neste s\u00e1bado (9).<\/h4>\n<h4>De acordo com Carl Skau, vice-diretor do Programa Mundial de Alimentos da ONU, nove em cada dez fam\u00edlias em alguns pontos da Faixa de Gaza passam \u201co dia inteiro sem qualquer alimento\u201d. A informa\u00e7\u00e3o \u00e9 do G1.<\/h4>\n<h4>\u00c0 medida que os conflitos armados na \u00e1rea permancem, as condi\u00e7\u00f5es de envio de alimentos se tornaram &#8220;quase imposs\u00edveis&#8221;, segundo Skau. Para ele, apenas uma parte dos suprimentos necess\u00e1rios conseguiu entrar em Gaza.<\/p>\n<p>\u201cN\u00e3o tem comida suficiente, s\u00f3 arroz, voc\u00ea acredita? Comemos uma vez por dia, s\u00f3.&#8221;, disse um habitante do sul de Gaza \u00e1 BCC.<\/h4>\n<\/div>\n","protected":false},"excerpt":{"rendered":"<p>Devido \u00e0 continuidade da guerra entre Israel e Hamas, parte significativa da popula\u00e7\u00e3o da Faixa Gaza est\u00e1 passando fome, \u00e9 o que afirmou um alto funcion\u00e1rio da Organiza\u00e7\u00e3o das Na\u00e7\u00f5es Unidas (0NU), respons\u00e1vel pelo setor de ajuda humanit\u00e1ria, neste s\u00e1bado (9). De acordo com Carl Skau, vice-diretor do Programa Mundial de Alimentos da ONU, nove em cada dez fam\u00edlias em alguns pontos da Faixa de Gaza passam \u201co dia inteiro sem qualquer alimento\u201d. A informa\u00e7\u00e3o \u00e9 do G1. \u00c0 medida que os conflitos armados na \u00e1rea permancem, as condi\u00e7\u00f5es de envio de alimentos se tornaram &#8220;quase imposs\u00edveis&#8221;, segundo Skau. Para [&hellip;]<\/p>\n","protected":false},"author":4,"featured_media":159264,"comment_status":"open","ping_status":"open","sticky":false,"template":"","format":"standard","meta":[],"categories":[1261],"tags":[1780,2367,1522,2361,456,2366],"_links":{"self":[{"href":"https:\/\/www.cronicasdeitarantim.com.br\/v1\/wp-json\/wp\/v2\/posts\/160293"}],"collection":[{"href":"https:\/\/www.cronicasdeitarantim.com.br\/v1\/wp-json\/wp\/v2\/posts"}],"about":[{"href":"https:\/\/www.cronicasdeitarantim.com.br\/v1\/wp-json\/wp\/v2\/types\/post"}],"author":[{"embeddable":true,"href":"https:\/\/www.cronicasdeitarantim.com.br\/v1\/wp-json\/wp\/v2\/users\/4"}],"replies":[{"embeddable":true,"href":"https:\/\/www.cronicasdeitarantim.com.br\/v1\/wp-json\/wp\/v2\/comments?post=160293"}],"version-history":[{"count":1,"href":"https:\/\/www.cronicasdeitarantim.com.br\/v1\/wp-json\/wp\/v2\/posts\/160293\/revisions"}],"predecessor-version":[{"id":160294,"href":"https:\/\/www.cronicasdeitarantim.com.br\/v1\/wp-json\/wp\/v2\/posts\/160293\/revisions\/160294"}],"wp:featuredmedia":[{"embeddable":true,"href":"https:\/\/www.cronicasdeitarantim.com.br\/v1\/wp-json\/wp\/v2\/media\/159264"}],"wp:attachment":[{"href":"https:\/\/www.cronicasdeitarantim.com.br\/v1\/wp-json\/wp\/v2\/media?parent=160293"}],"wp:term":[{"taxonomy":"category","embeddable":true,"href":"https:\/\/www.cronicasdeitarantim.com.br\/v1\/wp-json\/wp\/v2\/categories?post=160293"},{"taxonomy":"post_tag","embeddable":true,"href":"https:\/\/www.cronicasdeitarantim.com.br\/v1\/wp-json\/wp\/v2\/tags?post=160293"}],"curies":[{"name":"wp","href":"https:\/\/api.w.org\/{rel}","templated":true}]}}