{"id":160183,"date":"2023-12-04T22:22:11","date_gmt":"2023-12-05T01:22:11","guid":{"rendered":"https:\/\/www.cronicasdeitarantim.com.br\/v1\/?p=160183"},"modified":"2023-12-04T22:22:11","modified_gmt":"2023-12-05T01:22:11","slug":"video-delegacia-de-cidade-da-bahia-e-arrombada-e-bandidos-levam-todas-as-de-armas","status":"publish","type":"post","link":"https:\/\/www.cronicasdeitarantim.com.br\/v1\/2023\/12\/04\/video-delegacia-de-cidade-da-bahia-e-arrombada-e-bandidos-levam-todas-as-de-armas\/","title":{"rendered":"V\u00eddeo: Delegacia de cidade da Bahia \u00e9 arrombada e bandidos levam todas as de armas"},"content":{"rendered":"<h4>Na madrugada deste domingo (03), a delegacia da cidade de Ituber\u00e1, localizada no Baixo Sul baiano, foi alvo de um arrombamento chocante. Os bandidos invadiram o local e levaram todas as armas que estavam sob responsabilidade da Pol\u00edcia Civil da Bahia. Entre as armas roubadas est\u00e3o uma submetralhadora calibre .40 e uma escopeta calibre 12.<\/h4>\n<h4>A delegada da cidade gravou um v\u00eddeo mostrando a situa\u00e7\u00e3o ca\u00f3tica deixada pelos criminosos, que reviraram tudo em busca, aparentemente, de armas. Esse incidente levanta s\u00e9rias preocupa\u00e7\u00f5es com rela\u00e7\u00e3o \u00e0 seguran\u00e7a p\u00fablica na cidade e na regi\u00e3o.<\/h4>\n<h4>\u00c9 imprescind\u00edvel que as autoridades competentes ajam com urg\u00eancia para investigar o ocorrido, identificar os respons\u00e1veis e recuperar as armas roubadas. Al\u00e9m disso, \u00e9 fundamental que medidas sejam tomadas para refor\u00e7ar a seguran\u00e7a das delegacias e garantir a prote\u00e7\u00e3o da popula\u00e7\u00e3o diante de situa\u00e7\u00f5es como essa. Confira v\u00eddeo:<\/h4>\n<p><iframe loading=\"lazy\" title=\"Delegacia da cidade de Ituber\u00e1 \u00e9 arrombada e bandidos levam armas da Pol\u00edcia Civil\" width=\"1200\" height=\"675\" src=\"https:\/\/www.youtube.com\/embed\/AV93LX307M4?feature=oembed\" frameborder=\"0\" allow=\"accelerometer; autoplay; clipboard-write; encrypted-media; gyroscope; picture-in-picture; web-share\" allowfullscreen><\/iframe><\/p>\n","protected":false},"excerpt":{"rendered":"<p>Na madrugada deste domingo (03), a delegacia da cidade de Ituber\u00e1, localizada no Baixo Sul baiano, foi alvo de um arrombamento chocante. Os bandidos invadiram o local e levaram todas as armas que estavam sob responsabilidade da Pol\u00edcia Civil da Bahia. Entre as armas roubadas est\u00e3o uma submetralhadora calibre .40 e uma escopeta calibre 12. A delegada da cidade gravou um v\u00eddeo mostrando a situa\u00e7\u00e3o ca\u00f3tica deixada pelos criminosos, que reviraram tudo em busca, aparentemente, de armas. Esse incidente levanta s\u00e9rias preocupa\u00e7\u00f5es com rela\u00e7\u00e3o \u00e0 seguran\u00e7a p\u00fablica na cidade e na regi\u00e3o. \u00c9 imprescind\u00edvel que as autoridades competentes ajam com [&hellip;]<\/p>\n","protected":false},"author":4,"featured_media":160184,"comment_status":"open","ping_status":"open","sticky":false,"template":"","format":"standard","meta":[],"categories":[306],"tags":[2485,76,1780,2484,2098],"_links":{"self":[{"href":"https:\/\/www.cronicasdeitarantim.com.br\/v1\/wp-json\/wp\/v2\/posts\/160183"}],"collection":[{"href":"https:\/\/www.cronicasdeitarantim.com.br\/v1\/wp-json\/wp\/v2\/posts"}],"about":[{"href":"https:\/\/www.cronicasdeitarantim.com.br\/v1\/wp-json\/wp\/v2\/types\/post"}],"author":[{"embeddable":true,"href":"https:\/\/www.cronicasdeitarantim.com.br\/v1\/wp-json\/wp\/v2\/users\/4"}],"replies":[{"embeddable":true,"href":"https:\/\/www.cronicasdeitarantim.com.br\/v1\/wp-json\/wp\/v2\/comments?post=160183"}],"version-history":[{"count":1,"href":"https:\/\/www.cronicasdeitarantim.com.br\/v1\/wp-json\/wp\/v2\/posts\/160183\/revisions"}],"predecessor-version":[{"id":160185,"href":"https:\/\/www.cronicasdeitarantim.com.br\/v1\/wp-json\/wp\/v2\/posts\/160183\/revisions\/160185"}],"wp:featuredmedia":[{"embeddable":true,"href":"https:\/\/www.cronicasdeitarantim.com.br\/v1\/wp-json\/wp\/v2\/media\/160184"}],"wp:attachment":[{"href":"https:\/\/www.cronicasdeitarantim.com.br\/v1\/wp-json\/wp\/v2\/media?parent=160183"}],"wp:term":[{"taxonomy":"category","embeddable":true,"href":"https:\/\/www.cronicasdeitarantim.com.br\/v1\/wp-json\/wp\/v2\/categories?post=160183"},{"taxonomy":"post_tag","embeddable":true,"href":"https:\/\/www.cronicasdeitarantim.com.br\/v1\/wp-json\/wp\/v2\/tags?post=160183"}],"curies":[{"name":"wp","href":"https:\/\/api.w.org\/{rel}","templated":true}]}}