{"id":160086,"date":"2023-11-29T11:47:08","date_gmt":"2023-11-29T14:47:08","guid":{"rendered":"https:\/\/www.cronicasdeitarantim.com.br\/v1\/?p=160086"},"modified":"2023-11-29T11:47:08","modified_gmt":"2023-11-29T14:47:08","slug":"caso-da-guarda-municipal-que-agrediu-idoso-toma-repercussao-nacional-e-questiona-prefeito-fabio-gusmao","status":"publish","type":"post","link":"https:\/\/www.cronicasdeitarantim.com.br\/v1\/2023\/11\/29\/caso-da-guarda-municipal-que-agrediu-idoso-toma-repercussao-nacional-e-questiona-prefeito-fabio-gusmao\/","title":{"rendered":"Caso da Guarda Municipal que agrediu idoso toma repercuss\u00e3o nacional e questiona prefeito F\u00e1bio Gusm\u00e3o"},"content":{"rendered":"<h4>Itarantim ganhou destaque estadual e nacional em reportagens nesta ter\u00e7a-feira (28) devido ao caso da Guarda Municipal que agrediu um idoso no Bairro Presidente M\u00e9dici. Essa triste ocorr\u00eancia levantou quest\u00f5es sobre a conduta dos agentes de seguran\u00e7a e a prote\u00e7\u00e3o dos direitos dos cidad\u00e3os.<\/h4>\n<h4>Lamentavelmente, o fato aconteceu no \u00faltimo dia 15 de novembro, quando ocorreu uma a\u00e7\u00e3o truculenta por parte de alguns agentes da Guarda Municipal de Itarantim, que ganhou repercuss\u00e3o nacional atrav\u00e9s de diversos telejornais. Em uma das emissoras, a rep\u00f3rter apresentou a mat\u00e9ria e mencionou que a Prefeitura est\u00e1 apurando o caso para verificar se houve uso excessivo de for\u00e7a e agress\u00e3o. No entanto, a rep\u00f3rter ironizou a situa\u00e7\u00e3o ao questionar se era realmente necess\u00e1rio investigar quando as imagens mostram claramente a viol\u00eancia.<\/h4>\n<h4>Outra reportagem exibiu o caso na \u00edntegra e informou que tentou entrar em contato com a Prefeitura e com a Guarda Municipal, por\u00e9m n\u00e3o obteve resposta. O rep\u00f3rter destacou a foto do prefeito F\u00e1bio Gusm\u00e3o na tela e afirmou que ele estava &#8220;sumido&#8221; da cidade, sem responder \u00e0s reportagens.<\/h4>\n<h4>A repercuss\u00e3o do caso j\u00e1 havia causado indigna\u00e7\u00e3o na cidade com as reportagens da imprensa local, tanto pela popula\u00e7\u00e3o local quanto pelos familiares envolvidos. A aus\u00eancia de uma decis\u00e3o do prefeito em afastar os agentes envolvidos tamb\u00e9m gerou revolta. Os familiares registraram um Boletim de Ocorr\u00eancia e levaram o caso ao Minist\u00e9rio P\u00fablico da Bahia.<\/h4>\n<h4>\u00c9 fundamental que as autoridades respons\u00e1veis conduzam uma investiga\u00e7\u00e3o imparcial e transparente sobre o ocorrido, garantindo que os respons\u00e1veis sejam responsabilizados e que medidas sejam tomadas para evitar epis\u00f3dios semelhantes no futuro. A seguran\u00e7a e integridade dos cidad\u00e3os devem ser prioridade em qualquer situa\u00e7\u00e3o.<\/h4>\n<h4>Veja as reportagens que foram exibidas nesta ter\u00e7a-feira (28):<\/h4>\n<p><iframe loading=\"lazy\" title=\"V\u00eddeo que mostra Guardas Municipais de Itarantim agredindo idoso ganha repercuss\u00e3o nacional\" width=\"1200\" height=\"675\" src=\"https:\/\/www.youtube.com\/embed\/TdZqzgC0N7o?feature=oembed\" frameborder=\"0\" allow=\"accelerometer; autoplay; clipboard-write; encrypted-media; gyroscope; picture-in-picture; web-share\" allowfullscreen><\/iframe><\/p>\n","protected":false},"excerpt":{"rendered":"<p>Itarantim ganhou destaque estadual e nacional em reportagens nesta ter\u00e7a-feira (28) devido ao caso da Guarda Municipal que agrediu um idoso no Bairro Presidente M\u00e9dici. Essa triste ocorr\u00eancia levantou quest\u00f5es sobre a conduta dos agentes de seguran\u00e7a e a prote\u00e7\u00e3o dos direitos dos cidad\u00e3os. Lamentavelmente, o fato aconteceu no \u00faltimo dia 15 de novembro, quando ocorreu uma a\u00e7\u00e3o truculenta por parte de alguns agentes da Guarda Municipal de Itarantim, que ganhou repercuss\u00e3o nacional atrav\u00e9s de diversos telejornais. Em uma das emissoras, a rep\u00f3rter apresentou a mat\u00e9ria e mencionou que a Prefeitura est\u00e1 apurando o caso para verificar se houve uso [&hellip;]<\/p>\n","protected":false},"author":4,"featured_media":160087,"comment_status":"open","ping_status":"open","sticky":false,"template":"","format":"standard","meta":[],"categories":[14],"tags":[1780,2462,385,632,444],"_links":{"self":[{"href":"https:\/\/www.cronicasdeitarantim.com.br\/v1\/wp-json\/wp\/v2\/posts\/160086"}],"collection":[{"href":"https:\/\/www.cronicasdeitarantim.com.br\/v1\/wp-json\/wp\/v2\/posts"}],"about":[{"href":"https:\/\/www.cronicasdeitarantim.com.br\/v1\/wp-json\/wp\/v2\/types\/post"}],"author":[{"embeddable":true,"href":"https:\/\/www.cronicasdeitarantim.com.br\/v1\/wp-json\/wp\/v2\/users\/4"}],"replies":[{"embeddable":true,"href":"https:\/\/www.cronicasdeitarantim.com.br\/v1\/wp-json\/wp\/v2\/comments?post=160086"}],"version-history":[{"count":1,"href":"https:\/\/www.cronicasdeitarantim.com.br\/v1\/wp-json\/wp\/v2\/posts\/160086\/revisions"}],"predecessor-version":[{"id":160088,"href":"https:\/\/www.cronicasdeitarantim.com.br\/v1\/wp-json\/wp\/v2\/posts\/160086\/revisions\/160088"}],"wp:featuredmedia":[{"embeddable":true,"href":"https:\/\/www.cronicasdeitarantim.com.br\/v1\/wp-json\/wp\/v2\/media\/160087"}],"wp:attachment":[{"href":"https:\/\/www.cronicasdeitarantim.com.br\/v1\/wp-json\/wp\/v2\/media?parent=160086"}],"wp:term":[{"taxonomy":"category","embeddable":true,"href":"https:\/\/www.cronicasdeitarantim.com.br\/v1\/wp-json\/wp\/v2\/categories?post=160086"},{"taxonomy":"post_tag","embeddable":true,"href":"https:\/\/www.cronicasdeitarantim.com.br\/v1\/wp-json\/wp\/v2\/tags?post=160086"}],"curies":[{"name":"wp","href":"https:\/\/api.w.org\/{rel}","templated":true}]}}