{"id":159972,"date":"2023-11-22T14:06:00","date_gmt":"2023-11-22T17:06:00","guid":{"rendered":"https:\/\/www.cronicasdeitarantim.com.br\/v1\/?p=159972"},"modified":"2023-11-22T14:06:00","modified_gmt":"2023-11-22T17:06:00","slug":"vereador-condena-e-repudia-acao-truculenta-da-guarda-municipal-que-agrediu-um-senhor-em-itarantim","status":"publish","type":"post","link":"https:\/\/www.cronicasdeitarantim.com.br\/v1\/2023\/11\/22\/vereador-condena-e-repudia-acao-truculenta-da-guarda-municipal-que-agrediu-um-senhor-em-itarantim\/","title":{"rendered":"Vereador condena e repudia a\u00e7\u00e3o truculenta da Guarda Municipal que agrediu um senhor em Itarantim"},"content":{"rendered":"<h4>O vereador Dudu dos Tutas (PL) condenou veementemente, durante seu discurso na C\u00e2mara de Vereadores de Itarantim na noite desta ter\u00e7a-feira (21), uma a\u00e7\u00e3o truculenta envolvendo alguns Agentes da Guarda Municipal contra um senhor de idade. O incidente ocorreu na \u00faltima quarta-feira (15) e foi registrado em v\u00eddeo (<a href=\"https:\/\/www.cronicasdeitarantim.com.br\/v1\/2023\/11\/16\/em-itarantim-populacao-se-revolta-com-abordagem-truculenta-da-guarda-municipal-ao-um-idoso\/\">abordagem truculenta). <\/a>Os moradores acusam o senhor de arremessar pedras nas casas dos vizinhos no Bairro Presidente M\u00e9dici.<\/h4>\n<h4>O vereador expressou rep\u00fadio \u00e0 conduta violenta dos agentes e ressaltou que tais a\u00e7\u00f5es isoladas de irresponsabilidade mancham a reputa\u00e7\u00e3o da Guarda Municipal, que \u00e9 amplamente respeitada na regi\u00e3o.<\/h4>\n<h4>Adicionalmente, \u00e9 fundamental que haja uma investiga\u00e7\u00e3o imparcial para esclarecer os fatos e garantir que as for\u00e7as de seguran\u00e7a atuem de forma respons\u00e1vel, preservando a confian\u00e7a da comunidade, ressaltou o edil.<\/h4>\n<h4>Confira a fala do vereador:<\/h4>\n<p><iframe loading=\"lazy\" title=\"Caso da agress\u00e3o da Guarda Municipal de Itarantim. Vereador cobra responsabiliza\u00e7\u00e3o no caso.\" width=\"1200\" height=\"675\" src=\"https:\/\/www.youtube.com\/embed\/wI-UyXd_lL8?feature=oembed\" frameborder=\"0\" allow=\"accelerometer; autoplay; clipboard-write; encrypted-media; gyroscope; picture-in-picture; web-share\" allowfullscreen><\/iframe><\/p>\n<p>&nbsp;<\/p>\n<p>&nbsp;<\/p>\n","protected":false},"excerpt":{"rendered":"<p>O vereador Dudu dos Tutas (PL) condenou veementemente, durante seu discurso na C\u00e2mara de Vereadores de Itarantim na noite desta ter\u00e7a-feira (21), uma a\u00e7\u00e3o truculenta envolvendo alguns Agentes da Guarda Municipal contra um senhor de idade. O incidente ocorreu na \u00faltima quarta-feira (15) e foi registrado em v\u00eddeo (abordagem truculenta). Os moradores acusam o senhor de arremessar pedras nas casas dos vizinhos no Bairro Presidente M\u00e9dici. O vereador expressou rep\u00fadio \u00e0 conduta violenta dos agentes e ressaltou que tais a\u00e7\u00f5es isoladas de irresponsabilidade mancham a reputa\u00e7\u00e3o da Guarda Municipal, que \u00e9 amplamente respeitada na regi\u00e3o. Adicionalmente, \u00e9 fundamental que haja [&hellip;]<\/p>\n","protected":false},"author":4,"featured_media":159975,"comment_status":"open","ping_status":"open","sticky":false,"template":"","format":"standard","meta":[],"categories":[14],"tags":[356,1780,732,2449,593,444],"_links":{"self":[{"href":"https:\/\/www.cronicasdeitarantim.com.br\/v1\/wp-json\/wp\/v2\/posts\/159972"}],"collection":[{"href":"https:\/\/www.cronicasdeitarantim.com.br\/v1\/wp-json\/wp\/v2\/posts"}],"about":[{"href":"https:\/\/www.cronicasdeitarantim.com.br\/v1\/wp-json\/wp\/v2\/types\/post"}],"author":[{"embeddable":true,"href":"https:\/\/www.cronicasdeitarantim.com.br\/v1\/wp-json\/wp\/v2\/users\/4"}],"replies":[{"embeddable":true,"href":"https:\/\/www.cronicasdeitarantim.com.br\/v1\/wp-json\/wp\/v2\/comments?post=159972"}],"version-history":[{"count":1,"href":"https:\/\/www.cronicasdeitarantim.com.br\/v1\/wp-json\/wp\/v2\/posts\/159972\/revisions"}],"predecessor-version":[{"id":159976,"href":"https:\/\/www.cronicasdeitarantim.com.br\/v1\/wp-json\/wp\/v2\/posts\/159972\/revisions\/159976"}],"wp:featuredmedia":[{"embeddable":true,"href":"https:\/\/www.cronicasdeitarantim.com.br\/v1\/wp-json\/wp\/v2\/media\/159975"}],"wp:attachment":[{"href":"https:\/\/www.cronicasdeitarantim.com.br\/v1\/wp-json\/wp\/v2\/media?parent=159972"}],"wp:term":[{"taxonomy":"category","embeddable":true,"href":"https:\/\/www.cronicasdeitarantim.com.br\/v1\/wp-json\/wp\/v2\/categories?post=159972"},{"taxonomy":"post_tag","embeddable":true,"href":"https:\/\/www.cronicasdeitarantim.com.br\/v1\/wp-json\/wp\/v2\/tags?post=159972"}],"curies":[{"name":"wp","href":"https:\/\/api.w.org\/{rel}","templated":true}]}}