{"id":159960,"date":"2023-11-21T22:47:22","date_gmt":"2023-11-22T01:47:22","guid":{"rendered":"https:\/\/www.cronicasdeitarantim.com.br\/v1\/?p=159960"},"modified":"2023-11-21T22:48:31","modified_gmt":"2023-11-22T01:48:31","slug":"mais-um-suspeito-foi-preso-pela-policia-nesta-terca-feira-por-envolvimento-na-morte-da-cantora-gospel-sara-mariano","status":"publish","type":"post","link":"https:\/\/www.cronicasdeitarantim.com.br\/v1\/2023\/11\/21\/mais-um-suspeito-foi-preso-pela-policia-nesta-terca-feira-por-envolvimento-na-morte-da-cantora-gospel-sara-mariano\/","title":{"rendered":"Mais um suspeito foi preso pela pol\u00edcia nesta ter\u00e7a-feira por envolvimento na morte da cantora gospel Sara Mariano"},"content":{"rendered":"<h4>Mais um suspeito foi preso pela pol\u00edcia nesta ter\u00e7a-feira (21) por envolvimento na morte da cantora gospel Sara Mariano, ocorrida em outubro. A investiga\u00e7\u00e3o realizada pela 25\u00aa Delegacia Territorial (DT\/Dias D&#8217;\u00c1vila) apontou que o homem teve participa\u00e7\u00e3o tanto no homic\u00eddio da artista quanto na oculta\u00e7\u00e3o de seu cad\u00e1ver. Com essa pris\u00e3o, j\u00e1 s\u00e3o quatro os indiv\u00edduos detidos pelo crime.<\/h4>\n<h4>O mandado de pris\u00e3o foi cumprido em Cama\u00e7ari, na Regi\u00e3o Metropolitana de Salvador, pelas equipes da Pol\u00edcia Civil da Bahia. Al\u00e9m desse suspeito, o mandante do crime, um homem que se diz l\u00edder religioso, e um motorista de transporte por aplicativo j\u00e1 haviam sido capturados anteriormente.<\/h4>\n<h4>O delegado Euvaldo Costa, titular da 25\u00aa DT, ressaltou que as investiga\u00e7\u00f5es deixaram clara a participa\u00e7\u00e3o de cada um dos suspeitos. &#8220;O homem preso hoje teve envolvimento tanto na execu\u00e7\u00e3o quanto na tentativa de ocultar provas&#8221;, detalhou. Ap\u00f3s a realiza\u00e7\u00e3o dos exames de les\u00f5es corporais habituais, o suspeito capturado nesta ter\u00e7a-feira ficar\u00e1 \u00e0 disposi\u00e7\u00e3o do Poder Judici\u00e1rio.<\/h4>\n<h4>Acrescento: \u00c9 importante que a justi\u00e7a seja feita e que os respons\u00e1veis por esse crime sejam punidos de acordo com a lei. A morte de Sara Mariano \u00e9 uma perda lament\u00e1vel para a m\u00fasica gospel e para todos os seus f\u00e3s. Que sua fam\u00edlia encontre conforto nesse momento dif\u00edcil. (Com informa\u00e7\u00f5es do Bahia.ba).<\/h4>\n","protected":false},"excerpt":{"rendered":"<p>Mais um suspeito foi preso pela pol\u00edcia nesta ter\u00e7a-feira (21) por envolvimento na morte da cantora gospel Sara Mariano, ocorrida em outubro. A investiga\u00e7\u00e3o realizada pela 25\u00aa Delegacia Territorial (DT\/Dias D&#8217;\u00c1vila) apontou que o homem teve participa\u00e7\u00e3o tanto no homic\u00eddio da artista quanto na oculta\u00e7\u00e3o de seu cad\u00e1ver. Com essa pris\u00e3o, j\u00e1 s\u00e3o quatro os indiv\u00edduos detidos pelo crime. O mandado de pris\u00e3o foi cumprido em Cama\u00e7ari, na Regi\u00e3o Metropolitana de Salvador, pelas equipes da Pol\u00edcia Civil da Bahia. Al\u00e9m desse suspeito, o mandante do crime, um homem que se diz l\u00edder religioso, e um motorista de transporte por aplicativo [&hellip;]<\/p>\n","protected":false},"author":4,"featured_media":159956,"comment_status":"open","ping_status":"open","sticky":false,"template":"","format":"standard","meta":[],"categories":[306],"tags":[76,1780,2447,444],"_links":{"self":[{"href":"https:\/\/www.cronicasdeitarantim.com.br\/v1\/wp-json\/wp\/v2\/posts\/159960"}],"collection":[{"href":"https:\/\/www.cronicasdeitarantim.com.br\/v1\/wp-json\/wp\/v2\/posts"}],"about":[{"href":"https:\/\/www.cronicasdeitarantim.com.br\/v1\/wp-json\/wp\/v2\/types\/post"}],"author":[{"embeddable":true,"href":"https:\/\/www.cronicasdeitarantim.com.br\/v1\/wp-json\/wp\/v2\/users\/4"}],"replies":[{"embeddable":true,"href":"https:\/\/www.cronicasdeitarantim.com.br\/v1\/wp-json\/wp\/v2\/comments?post=159960"}],"version-history":[{"count":2,"href":"https:\/\/www.cronicasdeitarantim.com.br\/v1\/wp-json\/wp\/v2\/posts\/159960\/revisions"}],"predecessor-version":[{"id":159962,"href":"https:\/\/www.cronicasdeitarantim.com.br\/v1\/wp-json\/wp\/v2\/posts\/159960\/revisions\/159962"}],"wp:featuredmedia":[{"embeddable":true,"href":"https:\/\/www.cronicasdeitarantim.com.br\/v1\/wp-json\/wp\/v2\/media\/159956"}],"wp:attachment":[{"href":"https:\/\/www.cronicasdeitarantim.com.br\/v1\/wp-json\/wp\/v2\/media?parent=159960"}],"wp:term":[{"taxonomy":"category","embeddable":true,"href":"https:\/\/www.cronicasdeitarantim.com.br\/v1\/wp-json\/wp\/v2\/categories?post=159960"},{"taxonomy":"post_tag","embeddable":true,"href":"https:\/\/www.cronicasdeitarantim.com.br\/v1\/wp-json\/wp\/v2\/tags?post=159960"}],"curies":[{"name":"wp","href":"https:\/\/api.w.org\/{rel}","templated":true}]}}