{"id":159782,"date":"2023-11-09T11:37:30","date_gmt":"2023-11-09T14:37:30","guid":{"rendered":"https:\/\/www.cronicasdeitarantim.com.br\/v1\/?p=159782"},"modified":"2023-11-09T11:37:30","modified_gmt":"2023-11-09T14:37:30","slug":"presenca-da-policia-federal-em-cidades-da-regiao-deixaram-politicos-de-cabelos-em-pe","status":"publish","type":"post","link":"https:\/\/www.cronicasdeitarantim.com.br\/v1\/2023\/11\/09\/presenca-da-policia-federal-em-cidades-da-regiao-deixaram-politicos-de-cabelos-em-pe\/","title":{"rendered":"Presen\u00e7a da Pol\u00edcia Federal em cidades da regi\u00e3o deixaram pol\u00edticos de &#8220;cabelos em p\u00e9&#8221;"},"content":{"rendered":"<h4>Na quarta-feira (08), carros da Pol\u00edcia Federal foram avistados nas cidades de Maiquinique, Macarani e Itarantim, causando apreens\u00e3o entre os pol\u00edticos locais. A presen\u00e7a das viaturas de cor caracter\u00edstica levantou suspeitas sobre poss\u00edveis investiga\u00e7\u00f5es de corrup\u00e7\u00e3o em \u00f3rg\u00e3os p\u00fablicos e outros crimes na regi\u00e3o.<\/h4>\n<h4>Ap\u00f3s investiga\u00e7\u00e3o, nossa reda\u00e7\u00e3o obteve informa\u00e7\u00f5es n\u00e3o oficiais de que a presen\u00e7a dos agentes federais estava relacionada a uma den\u00fancia de trabalho an\u00e1logo \u00e0 escravid\u00e3o em \u00e1reas rurais, incluindo a cidade de Maiquinique.<\/h4>\n<h4>Essa not\u00edcia deixou alguns pol\u00edticos extremamente preocupados com as poss\u00edveis implica\u00e7\u00f5es das investiga\u00e7\u00f5es da Pol\u00edcia Federal em suas carreiras pol\u00edticas.<\/h4>\n<h4>\u00c9 compreens\u00edvel que os pol\u00edticos tenham ficado preocupados com a presen\u00e7a da Pol\u00edcia Federal nas cidades, j\u00e1 que essa presen\u00e7a geralmente est\u00e1 relacionada a investiga\u00e7\u00f5es de corrup\u00e7\u00e3o e outros crimes.<\/h4>\n","protected":false},"excerpt":{"rendered":"<p>Na quarta-feira (08), carros da Pol\u00edcia Federal foram avistados nas cidades de Maiquinique, Macarani e Itarantim, causando apreens\u00e3o entre os pol\u00edticos locais. A presen\u00e7a das viaturas de cor caracter\u00edstica levantou suspeitas sobre poss\u00edveis investiga\u00e7\u00f5es de corrup\u00e7\u00e3o em \u00f3rg\u00e3os p\u00fablicos e outros crimes na regi\u00e3o. Ap\u00f3s investiga\u00e7\u00e3o, nossa reda\u00e7\u00e3o obteve informa\u00e7\u00f5es n\u00e3o oficiais de que a presen\u00e7a dos agentes federais estava relacionada a uma den\u00fancia de trabalho an\u00e1logo \u00e0 escravid\u00e3o em \u00e1reas rurais, incluindo a cidade de Maiquinique. Essa not\u00edcia deixou alguns pol\u00edticos extremamente preocupados com as poss\u00edveis implica\u00e7\u00f5es das investiga\u00e7\u00f5es da Pol\u00edcia Federal em suas carreiras pol\u00edticas. \u00c9 compreens\u00edvel que [&hellip;]<\/p>\n","protected":false},"author":4,"featured_media":159783,"comment_status":"open","ping_status":"open","sticky":false,"template":"","format":"standard","meta":[],"categories":[311],"tags":[1780,221,1828,427],"_links":{"self":[{"href":"https:\/\/www.cronicasdeitarantim.com.br\/v1\/wp-json\/wp\/v2\/posts\/159782"}],"collection":[{"href":"https:\/\/www.cronicasdeitarantim.com.br\/v1\/wp-json\/wp\/v2\/posts"}],"about":[{"href":"https:\/\/www.cronicasdeitarantim.com.br\/v1\/wp-json\/wp\/v2\/types\/post"}],"author":[{"embeddable":true,"href":"https:\/\/www.cronicasdeitarantim.com.br\/v1\/wp-json\/wp\/v2\/users\/4"}],"replies":[{"embeddable":true,"href":"https:\/\/www.cronicasdeitarantim.com.br\/v1\/wp-json\/wp\/v2\/comments?post=159782"}],"version-history":[{"count":1,"href":"https:\/\/www.cronicasdeitarantim.com.br\/v1\/wp-json\/wp\/v2\/posts\/159782\/revisions"}],"predecessor-version":[{"id":159784,"href":"https:\/\/www.cronicasdeitarantim.com.br\/v1\/wp-json\/wp\/v2\/posts\/159782\/revisions\/159784"}],"wp:featuredmedia":[{"embeddable":true,"href":"https:\/\/www.cronicasdeitarantim.com.br\/v1\/wp-json\/wp\/v2\/media\/159783"}],"wp:attachment":[{"href":"https:\/\/www.cronicasdeitarantim.com.br\/v1\/wp-json\/wp\/v2\/media?parent=159782"}],"wp:term":[{"taxonomy":"category","embeddable":true,"href":"https:\/\/www.cronicasdeitarantim.com.br\/v1\/wp-json\/wp\/v2\/categories?post=159782"},{"taxonomy":"post_tag","embeddable":true,"href":"https:\/\/www.cronicasdeitarantim.com.br\/v1\/wp-json\/wp\/v2\/tags?post=159782"}],"curies":[{"name":"wp","href":"https:\/\/api.w.org\/{rel}","templated":true}]}}