{"id":159738,"date":"2023-11-07T11:27:26","date_gmt":"2023-11-07T14:27:26","guid":{"rendered":"https:\/\/www.cronicasdeitarantim.com.br\/v1\/?p=159738"},"modified":"2023-11-07T11:27:26","modified_gmt":"2023-11-07T14:27:26","slug":"operacao-forca-total-policiais-militares-da-bahia-e-outros-estados-unidos-no-combate-a-criminalidade","status":"publish","type":"post","link":"https:\/\/www.cronicasdeitarantim.com.br\/v1\/2023\/11\/07\/operacao-forca-total-policiais-militares-da-bahia-e-outros-estados-unidos-no-combate-a-criminalidade\/","title":{"rendered":"Opera\u00e7\u00e3o For\u00e7a Total: Policiais Militares da Bahia e outros estados unidos no combate \u00e0 criminalidade"},"content":{"rendered":"<h4>Policiais militares da Bahia, juntamente com policiais de outros 25 estados e do Distrito Federal (DF), est\u00e3o realizando a 1\u00aa Opera\u00e7\u00e3o For\u00e7a Total. Essa opera\u00e7\u00e3o tem como objetivo principal coibir crimes diversos e ampliar a seguran\u00e7a por meio de a\u00e7\u00f5es preventivas e ostensivas. A a\u00e7\u00e3o, que teve in\u00edcio nesta ter\u00e7a-feira (7), conta com o emprego m\u00e1ximo da tropa, incluindo o efetivo operacional e administrativo.<\/h4>\n<h4>Na Bahia, essa opera\u00e7\u00e3o j\u00e1 est\u00e1 na sua 15\u00aa edi\u00e7\u00e3o e tem apresentado resultados significativos. At\u00e9 o momento, foram retiradas de circula\u00e7\u00e3o 286 armas de fogo e realizadas 474 pris\u00f5es de criminosos.<\/h4>\n<h4>A iniciativa da 1\u00aa Opera\u00e7\u00e3o For\u00e7a Total \u00e9 resultado de uma articula\u00e7\u00e3o entre o comandante-geral da PMBA, coronel Paulo Coutinho, que tamb\u00e9m \u00e9 presidente do Conselho Nacional de Comandantes-Gerais das Pol\u00edcias Militares (CNCG-PM), e os comandantes-gerais das demais unidades da federa\u00e7\u00e3o e do DF.<\/h4>\n<h4>Al\u00e9m disso, \u00e9 importante ressaltar que a participa\u00e7\u00e3o conjunta das for\u00e7as policiais de diferentes estados fortalece o combate \u00e0 criminalidade em todo o pa\u00eds.<\/h4>\n","protected":false},"excerpt":{"rendered":"<p>Policiais militares da Bahia, juntamente com policiais de outros 25 estados e do Distrito Federal (DF), est\u00e3o realizando a 1\u00aa Opera\u00e7\u00e3o For\u00e7a Total. Essa opera\u00e7\u00e3o tem como objetivo principal coibir crimes diversos e ampliar a seguran\u00e7a por meio de a\u00e7\u00f5es preventivas e ostensivas. A a\u00e7\u00e3o, que teve in\u00edcio nesta ter\u00e7a-feira (7), conta com o emprego m\u00e1ximo da tropa, incluindo o efetivo operacional e administrativo. Na Bahia, essa opera\u00e7\u00e3o j\u00e1 est\u00e1 na sua 15\u00aa edi\u00e7\u00e3o e tem apresentado resultados significativos. At\u00e9 o momento, foram retiradas de circula\u00e7\u00e3o 286 armas de fogo e realizadas 474 pris\u00f5es de criminosos. A iniciativa da 1\u00aa [&hellip;]<\/p>\n","protected":false},"author":4,"featured_media":159739,"comment_status":"open","ping_status":"open","sticky":false,"template":"","format":"standard","meta":[],"categories":[306],"tags":[433,1780,1824,1656],"_links":{"self":[{"href":"https:\/\/www.cronicasdeitarantim.com.br\/v1\/wp-json\/wp\/v2\/posts\/159738"}],"collection":[{"href":"https:\/\/www.cronicasdeitarantim.com.br\/v1\/wp-json\/wp\/v2\/posts"}],"about":[{"href":"https:\/\/www.cronicasdeitarantim.com.br\/v1\/wp-json\/wp\/v2\/types\/post"}],"author":[{"embeddable":true,"href":"https:\/\/www.cronicasdeitarantim.com.br\/v1\/wp-json\/wp\/v2\/users\/4"}],"replies":[{"embeddable":true,"href":"https:\/\/www.cronicasdeitarantim.com.br\/v1\/wp-json\/wp\/v2\/comments?post=159738"}],"version-history":[{"count":1,"href":"https:\/\/www.cronicasdeitarantim.com.br\/v1\/wp-json\/wp\/v2\/posts\/159738\/revisions"}],"predecessor-version":[{"id":159740,"href":"https:\/\/www.cronicasdeitarantim.com.br\/v1\/wp-json\/wp\/v2\/posts\/159738\/revisions\/159740"}],"wp:featuredmedia":[{"embeddable":true,"href":"https:\/\/www.cronicasdeitarantim.com.br\/v1\/wp-json\/wp\/v2\/media\/159739"}],"wp:attachment":[{"href":"https:\/\/www.cronicasdeitarantim.com.br\/v1\/wp-json\/wp\/v2\/media?parent=159738"}],"wp:term":[{"taxonomy":"category","embeddable":true,"href":"https:\/\/www.cronicasdeitarantim.com.br\/v1\/wp-json\/wp\/v2\/categories?post=159738"},{"taxonomy":"post_tag","embeddable":true,"href":"https:\/\/www.cronicasdeitarantim.com.br\/v1\/wp-json\/wp\/v2\/tags?post=159738"}],"curies":[{"name":"wp","href":"https:\/\/api.w.org\/{rel}","templated":true}]}}