{"id":159711,"date":"2023-11-05T18:31:21","date_gmt":"2023-11-05T21:31:21","guid":{"rendered":"https:\/\/www.cronicasdeitarantim.com.br\/v1\/?p=159711"},"modified":"2023-11-05T18:31:21","modified_gmt":"2023-11-05T21:31:21","slug":"redacao-do-enem-aborda-desafios-para-o-enfrentamento-da-invisibilidade-do-trabalho-de-cuidado-realizado-pela-mulher-no-brasil","status":"publish","type":"post","link":"https:\/\/www.cronicasdeitarantim.com.br\/v1\/2023\/11\/05\/redacao-do-enem-aborda-desafios-para-o-enfrentamento-da-invisibilidade-do-trabalho-de-cuidado-realizado-pela-mulher-no-brasil\/","title":{"rendered":"Reda\u00e7\u00e3o do Enem aborda desafios para o enfrentamento da invisibilidade do trabalho de cuidado realizado pela mulher no Brasil"},"content":{"rendered":"<h4>O Exame Nacional do Ensino M\u00e9dio (Enem) deste ano traz como tema da reda\u00e7\u00e3o os &#8216;Desafios para o enfrentamento da invisibilidade do trabalho de cuidado realizado pela mulher no Brasil&#8217;, conforme divulgado pelo Instituto Nacional de Estudos e Pesquisas Educacionais An\u00edsio Teixeira (Inep) neste domingo (5). Al\u00e9m da prova de reda\u00e7\u00e3o, os candidatos inscritos no Enem tamb\u00e9m ter\u00e3o que responder \u00e0s quest\u00f5es de linguagens e c\u00f3digos e de ci\u00eancias humanas durante a tarde. A prova teve in\u00edcio \u00e0s 13h30 e tem hor\u00e1rio de t\u00e9rmino previsto para as 19h, seguindo o hor\u00e1rio de Bras\u00edlia.<\/h4>\n<h4>Esse tema \u00e9 de extrema relev\u00e2ncia, pois coloca em pauta a necessidade de reconhecer e valorizar o trabalho essencial realizado pelas mulheres na esfera do cuidado. Historicamente, as mulheres t\u00eam desempenhado um papel fundamental nessa \u00e1rea, seja no cuidado com os filhos, na assist\u00eancia aos idosos ou no trabalho dom\u00e9stico n\u00e3o remunerado. No entanto, muitas vezes esse trabalho \u00e9 invisibilizado e subvalorizado pela sociedade. \u00c9 essencial que sejam discutidas pol\u00edticas p\u00fablicas e medidas concretas para combater essa invisibilidade e garantir melhores condi\u00e7\u00f5es de trabalho e reconhecimento para as mulheres que desempenham esse importante papel na sociedade brasileira.<\/h4>\n","protected":false},"excerpt":{"rendered":"<p>O Exame Nacional do Ensino M\u00e9dio (Enem) deste ano traz como tema da reda\u00e7\u00e3o os &#8216;Desafios para o enfrentamento da invisibilidade do trabalho de cuidado realizado pela mulher no Brasil&#8217;, conforme divulgado pelo Instituto Nacional de Estudos e Pesquisas Educacionais An\u00edsio Teixeira (Inep) neste domingo (5). Al\u00e9m da prova de reda\u00e7\u00e3o, os candidatos inscritos no Enem tamb\u00e9m ter\u00e3o que responder \u00e0s quest\u00f5es de linguagens e c\u00f3digos e de ci\u00eancias humanas durante a tarde. A prova teve in\u00edcio \u00e0s 13h30 e tem hor\u00e1rio de t\u00e9rmino previsto para as 19h, seguindo o hor\u00e1rio de Bras\u00edlia. Esse tema \u00e9 de extrema relev\u00e2ncia, pois [&hellip;]<\/p>\n","protected":false},"author":4,"featured_media":159712,"comment_status":"open","ping_status":"open","sticky":false,"template":"","format":"standard","meta":[],"categories":[363],"tags":[76,433,1780,130,2415,203,1462],"_links":{"self":[{"href":"https:\/\/www.cronicasdeitarantim.com.br\/v1\/wp-json\/wp\/v2\/posts\/159711"}],"collection":[{"href":"https:\/\/www.cronicasdeitarantim.com.br\/v1\/wp-json\/wp\/v2\/posts"}],"about":[{"href":"https:\/\/www.cronicasdeitarantim.com.br\/v1\/wp-json\/wp\/v2\/types\/post"}],"author":[{"embeddable":true,"href":"https:\/\/www.cronicasdeitarantim.com.br\/v1\/wp-json\/wp\/v2\/users\/4"}],"replies":[{"embeddable":true,"href":"https:\/\/www.cronicasdeitarantim.com.br\/v1\/wp-json\/wp\/v2\/comments?post=159711"}],"version-history":[{"count":1,"href":"https:\/\/www.cronicasdeitarantim.com.br\/v1\/wp-json\/wp\/v2\/posts\/159711\/revisions"}],"predecessor-version":[{"id":159713,"href":"https:\/\/www.cronicasdeitarantim.com.br\/v1\/wp-json\/wp\/v2\/posts\/159711\/revisions\/159713"}],"wp:featuredmedia":[{"embeddable":true,"href":"https:\/\/www.cronicasdeitarantim.com.br\/v1\/wp-json\/wp\/v2\/media\/159712"}],"wp:attachment":[{"href":"https:\/\/www.cronicasdeitarantim.com.br\/v1\/wp-json\/wp\/v2\/media?parent=159711"}],"wp:term":[{"taxonomy":"category","embeddable":true,"href":"https:\/\/www.cronicasdeitarantim.com.br\/v1\/wp-json\/wp\/v2\/categories?post=159711"},{"taxonomy":"post_tag","embeddable":true,"href":"https:\/\/www.cronicasdeitarantim.com.br\/v1\/wp-json\/wp\/v2\/tags?post=159711"}],"curies":[{"name":"wp","href":"https:\/\/api.w.org\/{rel}","templated":true}]}}