{"id":159646,"date":"2023-11-01T10:54:17","date_gmt":"2023-11-01T13:54:17","guid":{"rendered":"https:\/\/www.cronicasdeitarantim.com.br\/v1\/?p=159646"},"modified":"2023-11-01T10:54:17","modified_gmt":"2023-11-01T13:54:17","slug":"novos-casos-de-covid-19-surgem-em-itarantim-exigindo-cautela-e-prevencao","status":"publish","type":"post","link":"https:\/\/www.cronicasdeitarantim.com.br\/v1\/2023\/11\/01\/novos-casos-de-covid-19-surgem-em-itarantim-exigindo-cautela-e-prevencao\/","title":{"rendered":"Novos casos de Covid-19 surgem em Itarantim, exigindo cautela e preven\u00e7\u00e3o"},"content":{"rendered":"<h4>Nos \u00faltimos dias, foram registrados novos casos de Covid-19 em Itarantim, incluindo pessoas que testaram positivo no distrito de Ribeir\u00e3o do Salto. \u00c9 essencial que todos permane\u00e7am vigilantes e adotem medidas de preven\u00e7\u00e3o, como o uso de m\u00e1scaras e o distanciamento social, para conter a dissemina\u00e7\u00e3o do v\u00edrus que at\u00e9 ent\u00e3o a gente n\u00e3o via mais falar. \u00c9 importante que as pessoas que testaram positivo para a doen\u00e7a continuem seguindo as medidas de preven\u00e7\u00e3o, como usar m\u00e1scaras e manter o distanciamento social, para evitar a propaga\u00e7\u00e3o do v\u00edrus.<\/h4>\n<p>&nbsp;<\/p>\n","protected":false},"excerpt":{"rendered":"<p>Nos \u00faltimos dias, foram registrados novos casos de Covid-19 em Itarantim, incluindo pessoas que testaram positivo no distrito de Ribeir\u00e3o do Salto. \u00c9 essencial que todos permane\u00e7am vigilantes e adotem medidas de preven\u00e7\u00e3o, como o uso de m\u00e1scaras e o distanciamento social, para conter a dissemina\u00e7\u00e3o do v\u00edrus que at\u00e9 ent\u00e3o a gente n\u00e3o via mais falar. \u00c9 importante que as pessoas que testaram positivo para a doen\u00e7a continuem seguindo as medidas de preven\u00e7\u00e3o, como usar m\u00e1scaras e manter o distanciamento social, para evitar a propaga\u00e7\u00e3o do v\u00edrus. &nbsp;<\/p>\n","protected":false},"author":4,"featured_media":132928,"comment_status":"open","ping_status":"open","sticky":false,"template":"","format":"standard","meta":[],"categories":[345],"tags":[506,1780,385],"_links":{"self":[{"href":"https:\/\/www.cronicasdeitarantim.com.br\/v1\/wp-json\/wp\/v2\/posts\/159646"}],"collection":[{"href":"https:\/\/www.cronicasdeitarantim.com.br\/v1\/wp-json\/wp\/v2\/posts"}],"about":[{"href":"https:\/\/www.cronicasdeitarantim.com.br\/v1\/wp-json\/wp\/v2\/types\/post"}],"author":[{"embeddable":true,"href":"https:\/\/www.cronicasdeitarantim.com.br\/v1\/wp-json\/wp\/v2\/users\/4"}],"replies":[{"embeddable":true,"href":"https:\/\/www.cronicasdeitarantim.com.br\/v1\/wp-json\/wp\/v2\/comments?post=159646"}],"version-history":[{"count":1,"href":"https:\/\/www.cronicasdeitarantim.com.br\/v1\/wp-json\/wp\/v2\/posts\/159646\/revisions"}],"predecessor-version":[{"id":159647,"href":"https:\/\/www.cronicasdeitarantim.com.br\/v1\/wp-json\/wp\/v2\/posts\/159646\/revisions\/159647"}],"wp:featuredmedia":[{"embeddable":true,"href":"https:\/\/www.cronicasdeitarantim.com.br\/v1\/wp-json\/wp\/v2\/media\/132928"}],"wp:attachment":[{"href":"https:\/\/www.cronicasdeitarantim.com.br\/v1\/wp-json\/wp\/v2\/media?parent=159646"}],"wp:term":[{"taxonomy":"category","embeddable":true,"href":"https:\/\/www.cronicasdeitarantim.com.br\/v1\/wp-json\/wp\/v2\/categories?post=159646"},{"taxonomy":"post_tag","embeddable":true,"href":"https:\/\/www.cronicasdeitarantim.com.br\/v1\/wp-json\/wp\/v2\/tags?post=159646"}],"curies":[{"name":"wp","href":"https:\/\/api.w.org\/{rel}","templated":true}]}}