{"id":159610,"date":"2023-10-27T22:16:26","date_gmt":"2023-10-28T01:16:26","guid":{"rendered":"https:\/\/www.cronicasdeitarantim.com.br\/v1\/?p=159610"},"modified":"2023-10-27T22:16:26","modified_gmt":"2023-10-28T01:16:26","slug":"violencia-na-regiao-jovem-de-apenas-20-anos-e-executado-dentro-de-casa","status":"publish","type":"post","link":"https:\/\/www.cronicasdeitarantim.com.br\/v1\/2023\/10\/27\/violencia-na-regiao-jovem-de-apenas-20-anos-e-executado-dentro-de-casa\/","title":{"rendered":"Viol\u00eancia na regi\u00e3o: Jovem de apenas 20 anos \u00e9 executado dentro de casa"},"content":{"rendered":"<h4>Um jovem de apenas 20 anos de idade, identificado como Mateus Coelho, foi brutalmente executado nesta sexta-feira (27) na cidade de Igua\u00ed. Segundo relatos do Ireporter, indiv\u00edduos armados invadiram a resid\u00eancia do jovem e dispararam v\u00e1rios tiros em sua cabe\u00e7a.<\/h4>\n<h4>Infelizmente, Igua\u00ed tem sido marcada como uma das cidades mais violentas da regi\u00e3o, com um aumento alarmante de homic\u00eddios relacionados ao intenso tr\u00e1fico de drogas.<\/h4>\n<h4>O corpo da v\u00edtima foi encaminhado ao Instituto M\u00e9dico Legal (IML) de Itapetinga. Os criminosos conseguiram fugir antes da chegada da pol\u00edcia. O caso est\u00e1 sendo investigado pela Pol\u00edcia Civil.<\/h4>\n<h4>Al\u00e9m disso, \u00e9 importante ressaltar que a viol\u00eancia e o tr\u00e1fico de drogas t\u00eam causado um impacto significativo na comunidade de Igua\u00ed. Medidas de seguran\u00e7a e combate ao crime s\u00e3o urgentemente necess\u00e1rias para garantir a tranquilidade e a seguran\u00e7a dos moradores.<\/h4>\n<p>&nbsp;<\/p>\n","protected":false},"excerpt":{"rendered":"<p>Um jovem de apenas 20 anos de idade, identificado como Mateus Coelho, foi brutalmente executado nesta sexta-feira (27) na cidade de Igua\u00ed. Segundo relatos do Ireporter, indiv\u00edduos armados invadiram a resid\u00eancia do jovem e dispararam v\u00e1rios tiros em sua cabe\u00e7a. Infelizmente, Igua\u00ed tem sido marcada como uma das cidades mais violentas da regi\u00e3o, com um aumento alarmante de homic\u00eddios relacionados ao intenso tr\u00e1fico de drogas. O corpo da v\u00edtima foi encaminhado ao Instituto M\u00e9dico Legal (IML) de Itapetinga. Os criminosos conseguiram fugir antes da chegada da pol\u00edcia. O caso est\u00e1 sendo investigado pela Pol\u00edcia Civil. Al\u00e9m disso, \u00e9 importante ressaltar [&hellip;]<\/p>\n","protected":false},"author":4,"featured_media":159611,"comment_status":"open","ping_status":"open","sticky":false,"template":"","format":"standard","meta":[],"categories":[306],"tags":[1780,825,434,444],"_links":{"self":[{"href":"https:\/\/www.cronicasdeitarantim.com.br\/v1\/wp-json\/wp\/v2\/posts\/159610"}],"collection":[{"href":"https:\/\/www.cronicasdeitarantim.com.br\/v1\/wp-json\/wp\/v2\/posts"}],"about":[{"href":"https:\/\/www.cronicasdeitarantim.com.br\/v1\/wp-json\/wp\/v2\/types\/post"}],"author":[{"embeddable":true,"href":"https:\/\/www.cronicasdeitarantim.com.br\/v1\/wp-json\/wp\/v2\/users\/4"}],"replies":[{"embeddable":true,"href":"https:\/\/www.cronicasdeitarantim.com.br\/v1\/wp-json\/wp\/v2\/comments?post=159610"}],"version-history":[{"count":1,"href":"https:\/\/www.cronicasdeitarantim.com.br\/v1\/wp-json\/wp\/v2\/posts\/159610\/revisions"}],"predecessor-version":[{"id":159612,"href":"https:\/\/www.cronicasdeitarantim.com.br\/v1\/wp-json\/wp\/v2\/posts\/159610\/revisions\/159612"}],"wp:featuredmedia":[{"embeddable":true,"href":"https:\/\/www.cronicasdeitarantim.com.br\/v1\/wp-json\/wp\/v2\/media\/159611"}],"wp:attachment":[{"href":"https:\/\/www.cronicasdeitarantim.com.br\/v1\/wp-json\/wp\/v2\/media?parent=159610"}],"wp:term":[{"taxonomy":"category","embeddable":true,"href":"https:\/\/www.cronicasdeitarantim.com.br\/v1\/wp-json\/wp\/v2\/categories?post=159610"},{"taxonomy":"post_tag","embeddable":true,"href":"https:\/\/www.cronicasdeitarantim.com.br\/v1\/wp-json\/wp\/v2\/tags?post=159610"}],"curies":[{"name":"wp","href":"https:\/\/api.w.org\/{rel}","templated":true}]}}