{"id":159600,"date":"2023-10-27T13:31:54","date_gmt":"2023-10-27T16:31:54","guid":{"rendered":"https:\/\/www.cronicasdeitarantim.com.br\/v1\/?p=159600"},"modified":"2023-10-27T13:31:54","modified_gmt":"2023-10-27T16:31:54","slug":"policia-lider-do-trafico-na-bahia-e-preso-no-rio-de-janeiro","status":"publish","type":"post","link":"https:\/\/www.cronicasdeitarantim.com.br\/v1\/2023\/10\/27\/policia-lider-do-trafico-na-bahia-e-preso-no-rio-de-janeiro\/","title":{"rendered":"Pol\u00edcia: L\u00edder do trafico na Bahia \u00e9 preso no Rio de Janeiro"},"content":{"rendered":"<h4>Um dos principais l\u00edderes de uma perigosa organiza\u00e7\u00e3o criminosa envolvida no tr\u00e1fico de drogas na Bahia foi capturado pelas autoridades na Muzema na Zona Oeste do Rio de Janeiro, uma regi\u00e3o infestada pela presen\u00e7a da mil\u00edcia. A pris\u00e3o ocorreu durante uma opera\u00e7\u00e3o conjunta das for\u00e7as de seguran\u00e7a, que visava desmantelar essa perigosa rede criminosa.<\/h4>\n<h4>Al\u00e9m disso, \u00e9 importante ressaltar que o criminoso capturado \u00e9 considerado um dos s\u00f3cios de um traficante influente que atua na Baixada Fluminense. A a\u00e7\u00e3o das autoridades resultou n\u00e3o apenas na pris\u00e3o desse l\u00edder do tr\u00e1fico, mas tamb\u00e9m na deten\u00e7\u00e3o de outros treze indiv\u00edduos suspeitos de envolvimento com o tr\u00e1fico de drogas e diversos homic\u00eddios na Bahia.<\/h4>\n<h4>Essa opera\u00e7\u00e3o policial foi realizada em cinco estados, incluindo Rio de Janeiro, S\u00e3o Paulo, Santa Catarina e Pernambuco. As pris\u00f5es realizadas representam um importante passo no combate ao crime organizado e na busca pela seguran\u00e7a e tranquilidade da popula\u00e7\u00e3o.<\/h4>\n","protected":false},"excerpt":{"rendered":"<p>Um dos principais l\u00edderes de uma perigosa organiza\u00e7\u00e3o criminosa envolvida no tr\u00e1fico de drogas na Bahia foi capturado pelas autoridades na Muzema na Zona Oeste do Rio de Janeiro, uma regi\u00e3o infestada pela presen\u00e7a da mil\u00edcia. A pris\u00e3o ocorreu durante uma opera\u00e7\u00e3o conjunta das for\u00e7as de seguran\u00e7a, que visava desmantelar essa perigosa rede criminosa. Al\u00e9m disso, \u00e9 importante ressaltar que o criminoso capturado \u00e9 considerado um dos s\u00f3cios de um traficante influente que atua na Baixada Fluminense. A a\u00e7\u00e3o das autoridades resultou n\u00e3o apenas na pris\u00e3o desse l\u00edder do tr\u00e1fico, mas tamb\u00e9m na deten\u00e7\u00e3o de outros treze indiv\u00edduos suspeitos de [&hellip;]<\/p>\n","protected":false},"author":4,"featured_media":159601,"comment_status":"open","ping_status":"open","sticky":false,"template":"","format":"standard","meta":[],"categories":[306],"tags":[1780,1346,1824,1036],"_links":{"self":[{"href":"https:\/\/www.cronicasdeitarantim.com.br\/v1\/wp-json\/wp\/v2\/posts\/159600"}],"collection":[{"href":"https:\/\/www.cronicasdeitarantim.com.br\/v1\/wp-json\/wp\/v2\/posts"}],"about":[{"href":"https:\/\/www.cronicasdeitarantim.com.br\/v1\/wp-json\/wp\/v2\/types\/post"}],"author":[{"embeddable":true,"href":"https:\/\/www.cronicasdeitarantim.com.br\/v1\/wp-json\/wp\/v2\/users\/4"}],"replies":[{"embeddable":true,"href":"https:\/\/www.cronicasdeitarantim.com.br\/v1\/wp-json\/wp\/v2\/comments?post=159600"}],"version-history":[{"count":1,"href":"https:\/\/www.cronicasdeitarantim.com.br\/v1\/wp-json\/wp\/v2\/posts\/159600\/revisions"}],"predecessor-version":[{"id":159602,"href":"https:\/\/www.cronicasdeitarantim.com.br\/v1\/wp-json\/wp\/v2\/posts\/159600\/revisions\/159602"}],"wp:featuredmedia":[{"embeddable":true,"href":"https:\/\/www.cronicasdeitarantim.com.br\/v1\/wp-json\/wp\/v2\/media\/159601"}],"wp:attachment":[{"href":"https:\/\/www.cronicasdeitarantim.com.br\/v1\/wp-json\/wp\/v2\/media?parent=159600"}],"wp:term":[{"taxonomy":"category","embeddable":true,"href":"https:\/\/www.cronicasdeitarantim.com.br\/v1\/wp-json\/wp\/v2\/categories?post=159600"},{"taxonomy":"post_tag","embeddable":true,"href":"https:\/\/www.cronicasdeitarantim.com.br\/v1\/wp-json\/wp\/v2\/tags?post=159600"}],"curies":[{"name":"wp","href":"https:\/\/api.w.org\/{rel}","templated":true}]}}