{"id":159550,"date":"2023-10-25T10:38:31","date_gmt":"2023-10-25T13:38:31","guid":{"rendered":"https:\/\/www.cronicasdeitarantim.com.br\/v1\/?p=159550"},"modified":"2023-10-25T10:38:31","modified_gmt":"2023-10-25T13:38:31","slug":"pesquisa-quaest-aprovacao-da-gestao-do-presidente-lula-e-de-54","status":"publish","type":"post","link":"https:\/\/www.cronicasdeitarantim.com.br\/v1\/2023\/10\/25\/pesquisa-quaest-aprovacao-da-gestao-do-presidente-lula-e-de-54\/","title":{"rendered":"Pesquisa Quaest: Aprova\u00e7\u00e3o da gest\u00e3o do presidente Lula \u00e9 de 54%"},"content":{"rendered":"<h4>De acordo com a pesquisa Genial\/Quaest divulgada nesta quarta-feira (25), a aprova\u00e7\u00e3o do governo do presidente Luiz In\u00e1cio Lula da Silva (PT) caiu de 60% para 54%. O levantamento foi realizado entre os dias 19 a 22 de outubro, entrevistando 2 mil eleitores, com margem de erro de 2,2 pontos percentuais e \u00edndice de confiabilidade de 95%.<\/h4>\n<h4>Entre os entrevistados, 60% apontaram que h\u00e1 excesso nas viagens feitas pelo presidente, enquanto 27% discordam dessa percep\u00e7\u00e3o. Outros 13% n\u00e3o souberam ou quiseram responder. Dentre os eleitores do presidente Lula, 61% consideram que a quantidade de viagens \u00e9 adequada, enquanto 33% veem como excesso. Por outro lado, para os eleitores do presidente Bolsonaro, 78% enxergam as viagens como excessivas.<\/h4>\n<h4>Em rela\u00e7\u00e3o \u00e0s expectativas econ\u00f4micas, 50% dos entrevistados acreditam que a situa\u00e7\u00e3o tende a melhorar nos pr\u00f3ximos 12 meses. Esse n\u00famero representa uma queda em rela\u00e7\u00e3o \u00e0 pesquisa realizada em agosto, na qual o percentual era de 59%. Por outro lado, 28% acreditam que a economia tende a piorar, um aumento em compara\u00e7\u00e3o aos 18% registrados anteriormente.<\/h4>\n<h4>Vale ressaltar que as viagens presidenciais podem ter impacto na percep\u00e7\u00e3o dos eleitores sobre a gest\u00e3o do governo. Al\u00e9m disso, as expectativas econ\u00f4micas s\u00e3o um reflexo das perspectivas da popula\u00e7\u00e3o em rela\u00e7\u00e3o ao futuro do pa\u00eds.<\/h4>\n","protected":false},"excerpt":{"rendered":"<p>De acordo com a pesquisa Genial\/Quaest divulgada nesta quarta-feira (25), a aprova\u00e7\u00e3o do governo do presidente Luiz In\u00e1cio Lula da Silva (PT) caiu de 60% para 54%. O levantamento foi realizado entre os dias 19 a 22 de outubro, entrevistando 2 mil eleitores, com margem de erro de 2,2 pontos percentuais e \u00edndice de confiabilidade de 95%. Entre os entrevistados, 60% apontaram que h\u00e1 excesso nas viagens feitas pelo presidente, enquanto 27% discordam dessa percep\u00e7\u00e3o. Outros 13% n\u00e3o souberam ou quiseram responder. Dentre os eleitores do presidente Lula, 61% consideram que a quantidade de viagens \u00e9 adequada, enquanto 33% veem [&hellip;]<\/p>\n","protected":false},"author":4,"featured_media":155657,"comment_status":"open","ping_status":"open","sticky":false,"template":"","format":"standard","meta":[],"categories":[296],"tags":[433,1780,219,699],"_links":{"self":[{"href":"https:\/\/www.cronicasdeitarantim.com.br\/v1\/wp-json\/wp\/v2\/posts\/159550"}],"collection":[{"href":"https:\/\/www.cronicasdeitarantim.com.br\/v1\/wp-json\/wp\/v2\/posts"}],"about":[{"href":"https:\/\/www.cronicasdeitarantim.com.br\/v1\/wp-json\/wp\/v2\/types\/post"}],"author":[{"embeddable":true,"href":"https:\/\/www.cronicasdeitarantim.com.br\/v1\/wp-json\/wp\/v2\/users\/4"}],"replies":[{"embeddable":true,"href":"https:\/\/www.cronicasdeitarantim.com.br\/v1\/wp-json\/wp\/v2\/comments?post=159550"}],"version-history":[{"count":1,"href":"https:\/\/www.cronicasdeitarantim.com.br\/v1\/wp-json\/wp\/v2\/posts\/159550\/revisions"}],"predecessor-version":[{"id":159551,"href":"https:\/\/www.cronicasdeitarantim.com.br\/v1\/wp-json\/wp\/v2\/posts\/159550\/revisions\/159551"}],"wp:featuredmedia":[{"embeddable":true,"href":"https:\/\/www.cronicasdeitarantim.com.br\/v1\/wp-json\/wp\/v2\/media\/155657"}],"wp:attachment":[{"href":"https:\/\/www.cronicasdeitarantim.com.br\/v1\/wp-json\/wp\/v2\/media?parent=159550"}],"wp:term":[{"taxonomy":"category","embeddable":true,"href":"https:\/\/www.cronicasdeitarantim.com.br\/v1\/wp-json\/wp\/v2\/categories?post=159550"},{"taxonomy":"post_tag","embeddable":true,"href":"https:\/\/www.cronicasdeitarantim.com.br\/v1\/wp-json\/wp\/v2\/tags?post=159550"}],"curies":[{"name":"wp","href":"https:\/\/api.w.org\/{rel}","templated":true}]}}