{"id":159510,"date":"2023-10-23T20:24:30","date_gmt":"2023-10-23T23:24:30","guid":{"rendered":"https:\/\/www.cronicasdeitarantim.com.br\/v1\/?p=159510"},"modified":"2023-10-23T20:27:48","modified_gmt":"2023-10-23T23:27:48","slug":"bahia-policia-civil-estoura-bunker-de-fugitivo-de-presidio-em-cidade-da-bahia","status":"publish","type":"post","link":"https:\/\/www.cronicasdeitarantim.com.br\/v1\/2023\/10\/23\/bahia-policia-civil-estoura-bunker-de-fugitivo-de-presidio-em-cidade-da-bahia\/","title":{"rendered":"BAHIA] Pol\u00edcia Civil estoura bunker de fugitivo de pres\u00eddio em cidade da Bahia"},"content":{"rendered":"<h4>A Pol\u00edcia Civil da Bahia, por meio do Departamento Especializado de Investiga\u00e7\u00f5es Criminais (Deic), desarticulou, no munic\u00edpio de Candeias, nesta segunda-feira (23), um bunker e apreendeu aproximadamente meia tonelada de drogas, entre maconha, crack e coca\u00edna, dois fuzis calibres 5.56 e 7.62 e milhares de muni\u00e7\u00f5es. Todo material foi apreendido dentro de um im\u00f3vel que pertence a um dos fugitivos do sistema prisional, respons\u00e1vel pelo tr\u00e1fico de drogas naquela regi\u00e3o e tamb\u00e9m um dos l\u00edderes de um grupo criminoso.<\/h4>\n<p><a href=\"https:\/\/www.cronicasdeitarantim.com.br\/v1\/wp-content\/uploads\/2023\/10\/394584421_1800316663718907_3360060334333941946_n.jpg\"><img decoding=\"async\" loading=\"lazy\" class=\"alignnone size-full wp-image-159513\" src=\"https:\/\/www.cronicasdeitarantim.com.br\/v1\/wp-content\/uploads\/2023\/10\/394584421_1800316663718907_3360060334333941946_n.jpg\" alt=\"\" width=\"593\" height=\"395\" srcset=\"https:\/\/www.cronicasdeitarantim.com.br\/v1\/wp-content\/uploads\/2023\/10\/394584421_1800316663718907_3360060334333941946_n.jpg 593w, https:\/\/www.cronicasdeitarantim.com.br\/v1\/wp-content\/uploads\/2023\/10\/394584421_1800316663718907_3360060334333941946_n-300x200.jpg 300w, https:\/\/www.cronicasdeitarantim.com.br\/v1\/wp-content\/uploads\/2023\/10\/394584421_1800316663718907_3360060334333941946_n-400x266.jpg 400w\" sizes=\"(max-width: 593px) 100vw, 593px\" \/><\/a><\/p>\n<h4>Equipes do Deic, com o apoio do Departamento de Intelig\u00eancia Policial (DIP), da Coordena\u00e7\u00e3o de Opera\u00e7\u00f5es e Recursos Especiais (Core) e do Grupamento A\u00e9reo da Pol\u00edcia Militar (Graer), cumpriram um mandado de busca e apreens\u00e3o no im\u00f3vel, quando tamb\u00e9m foram apreendidos, uma balan\u00e7a industrial, uma m\u00e1quina para contar dinheiro, tr\u00eas r\u00e1dios comunicadores, cinco aparelhos celulares e uma faca.<\/h4>\n<h4>Durante as a\u00e7\u00f5es, policiais civis foram recebidos a tiros. Um investigador foi atingido e socorrido para uma unidade de sa\u00fade. Ap\u00f3s ser medicado, recebeu alta m\u00e9dica. Um dos criminosos tamb\u00e9m foi alvejado, socorrido para o Hospital do Sub\u00farbio, mas n\u00e3o resistiu. Dois homens e duas mulheres que estavam no im\u00f3vel do criminoso foragido foram presos. (Ascom-PC).<\/h4>\n","protected":false},"excerpt":{"rendered":"<p>A Pol\u00edcia Civil da Bahia, por meio do Departamento Especializado de Investiga\u00e7\u00f5es Criminais (Deic), desarticulou, no munic\u00edpio de Candeias, nesta segunda-feira (23), um bunker e apreendeu aproximadamente meia tonelada de drogas, entre maconha, crack e coca\u00edna, dois fuzis calibres 5.56 e 7.62 e milhares de muni\u00e7\u00f5es. Todo material foi apreendido dentro de um im\u00f3vel que pertence a um dos fugitivos do sistema prisional, respons\u00e1vel pelo tr\u00e1fico de drogas naquela regi\u00e3o e tamb\u00e9m um dos l\u00edderes de um grupo criminoso. Equipes do Deic, com o apoio do Departamento de Intelig\u00eancia Policial (DIP), da Coordena\u00e7\u00e3o de Opera\u00e7\u00f5es e Recursos Especiais (Core) e [&hellip;]<\/p>\n","protected":false},"author":4,"featured_media":159511,"comment_status":"open","ping_status":"open","sticky":false,"template":"","format":"standard","meta":[],"categories":[295],"tags":[76,1780,2074,225],"_links":{"self":[{"href":"https:\/\/www.cronicasdeitarantim.com.br\/v1\/wp-json\/wp\/v2\/posts\/159510"}],"collection":[{"href":"https:\/\/www.cronicasdeitarantim.com.br\/v1\/wp-json\/wp\/v2\/posts"}],"about":[{"href":"https:\/\/www.cronicasdeitarantim.com.br\/v1\/wp-json\/wp\/v2\/types\/post"}],"author":[{"embeddable":true,"href":"https:\/\/www.cronicasdeitarantim.com.br\/v1\/wp-json\/wp\/v2\/users\/4"}],"replies":[{"embeddable":true,"href":"https:\/\/www.cronicasdeitarantim.com.br\/v1\/wp-json\/wp\/v2\/comments?post=159510"}],"version-history":[{"count":2,"href":"https:\/\/www.cronicasdeitarantim.com.br\/v1\/wp-json\/wp\/v2\/posts\/159510\/revisions"}],"predecessor-version":[{"id":159514,"href":"https:\/\/www.cronicasdeitarantim.com.br\/v1\/wp-json\/wp\/v2\/posts\/159510\/revisions\/159514"}],"wp:featuredmedia":[{"embeddable":true,"href":"https:\/\/www.cronicasdeitarantim.com.br\/v1\/wp-json\/wp\/v2\/media\/159511"}],"wp:attachment":[{"href":"https:\/\/www.cronicasdeitarantim.com.br\/v1\/wp-json\/wp\/v2\/media?parent=159510"}],"wp:term":[{"taxonomy":"category","embeddable":true,"href":"https:\/\/www.cronicasdeitarantim.com.br\/v1\/wp-json\/wp\/v2\/categories?post=159510"},{"taxonomy":"post_tag","embeddable":true,"href":"https:\/\/www.cronicasdeitarantim.com.br\/v1\/wp-json\/wp\/v2\/tags?post=159510"}],"curies":[{"name":"wp","href":"https:\/\/api.w.org\/{rel}","templated":true}]}}