{"id":159414,"date":"2023-10-18T00:15:26","date_gmt":"2023-10-18T03:15:26","guid":{"rendered":"https:\/\/www.cronicasdeitarantim.com.br\/v1\/?p=159414"},"modified":"2023-10-18T00:25:33","modified_gmt":"2023-10-18T03:25:33","slug":"prefeito-de-firmino-alves-descumpre-ordem-judicial-de-repasses-e-advogados-pedem-sua-prisao","status":"publish","type":"post","link":"https:\/\/www.cronicasdeitarantim.com.br\/v1\/2023\/10\/18\/prefeito-de-firmino-alves-descumpre-ordem-judicial-de-repasses-e-advogados-pedem-sua-prisao\/","title":{"rendered":"Prefeito de Firmino Alves descumpre ordem judicial de repasses e advogados pedem sua pris\u00e3o"},"content":{"rendered":"<h4>O juiz da comarca de Itoror\u00f3 concedeu uma medida liminar determinando que o Munic\u00edpio de Firmino Alves repasse as contribui\u00e7\u00f5es descontadas dos servidores da educa\u00e7\u00e3o filiados a APLB N\u00facleo de Firmino. No entanto, at\u00e9 o momento, o prefeito Fabiano Sampaio vem descumprindo a ordem judicial, mesmo com a aplica\u00e7\u00e3o de multa di\u00e1ria em seu patrim\u00f4nio pessoal. O escrit\u00f3rio de advocacia respons\u00e1vel pelos interesses da APLB solicitou a pris\u00e3o do gestor por n\u00e3o cumprir a ordem judicial, mas o pedido ainda est\u00e1 aguardando an\u00e1lise do tribunal.<\/h4>\n<h4>Al\u00e9m disso, \u00e9 importante ressaltar que essa situa\u00e7\u00e3o causa preju\u00edzos aos servidores da educa\u00e7\u00e3o e ao sindicato, uma vez que as contribui\u00e7\u00f5es descontadas n\u00e3o est\u00e3o sendo repassadas corretamente. \u00c9 fundamental que a justi\u00e7a analise o pedido de pris\u00e3o e tome as medidas necess\u00e1rias para garantir o cumprimento da ordem judicial e a prote\u00e7\u00e3o dos direitos dos servidores e do sindicato.<\/h4>\n<p>Confira documentos para solicita\u00e7\u00e3o:<\/p>\n<p><a href=\"https:\/\/mail.google.com\/mail\/u\/0\/?ogbl#inbox\/QgrcJHrtpqvDjDgxKdfHDGBfFrBrjMFxFxl?projector=1&amp;messagePartId=0.1\">https:\/\/mail.google.com\/mail\/u\/0\/?ogbl#inbox\/QgrcJHrtpqvDjDgxKdfHDGBfFrBrjMFxFxl?projector=1&amp;messagePartId=0.1<\/a><\/p>\n<p><a href=\"https:\/\/mail.google.com\/mail\/u\/0\/?ogbl#inbox\/QgrcJHrtpqvDjDgxKdfHDGBfFrBrjMFxFxl?projector=1&amp;messagePartId=0.2\">https:\/\/mail.google.com\/mail\/u\/0\/?ogbl#inbox\/QgrcJHrtpqvDjDgxKdfHDGBfFrBrjMFxFxl?projector=1&amp;messagePartId=0.2<\/a><\/p>\n","protected":false},"excerpt":{"rendered":"<p>O juiz da comarca de Itoror\u00f3 concedeu uma medida liminar determinando que o Munic\u00edpio de Firmino Alves repasse as contribui\u00e7\u00f5es descontadas dos servidores da educa\u00e7\u00e3o filiados a APLB N\u00facleo de Firmino. No entanto, at\u00e9 o momento, o prefeito Fabiano Sampaio vem descumprindo a ordem judicial, mesmo com a aplica\u00e7\u00e3o de multa di\u00e1ria em seu patrim\u00f4nio pessoal. O escrit\u00f3rio de advocacia respons\u00e1vel pelos interesses da APLB solicitou a pris\u00e3o do gestor por n\u00e3o cumprir a ordem judicial, mas o pedido ainda est\u00e1 aguardando an\u00e1lise do tribunal. Al\u00e9m disso, \u00e9 importante ressaltar que essa situa\u00e7\u00e3o causa preju\u00edzos aos servidores da educa\u00e7\u00e3o e [&hellip;]<\/p>\n","protected":false},"author":4,"featured_media":156434,"comment_status":"open","ping_status":"open","sticky":false,"template":"","format":"standard","meta":[],"categories":[311],"tags":[1145,1780,130,474,439,1297],"_links":{"self":[{"href":"https:\/\/www.cronicasdeitarantim.com.br\/v1\/wp-json\/wp\/v2\/posts\/159414"}],"collection":[{"href":"https:\/\/www.cronicasdeitarantim.com.br\/v1\/wp-json\/wp\/v2\/posts"}],"about":[{"href":"https:\/\/www.cronicasdeitarantim.com.br\/v1\/wp-json\/wp\/v2\/types\/post"}],"author":[{"embeddable":true,"href":"https:\/\/www.cronicasdeitarantim.com.br\/v1\/wp-json\/wp\/v2\/users\/4"}],"replies":[{"embeddable":true,"href":"https:\/\/www.cronicasdeitarantim.com.br\/v1\/wp-json\/wp\/v2\/comments?post=159414"}],"version-history":[{"count":4,"href":"https:\/\/www.cronicasdeitarantim.com.br\/v1\/wp-json\/wp\/v2\/posts\/159414\/revisions"}],"predecessor-version":[{"id":159418,"href":"https:\/\/www.cronicasdeitarantim.com.br\/v1\/wp-json\/wp\/v2\/posts\/159414\/revisions\/159418"}],"wp:featuredmedia":[{"embeddable":true,"href":"https:\/\/www.cronicasdeitarantim.com.br\/v1\/wp-json\/wp\/v2\/media\/156434"}],"wp:attachment":[{"href":"https:\/\/www.cronicasdeitarantim.com.br\/v1\/wp-json\/wp\/v2\/media?parent=159414"}],"wp:term":[{"taxonomy":"category","embeddable":true,"href":"https:\/\/www.cronicasdeitarantim.com.br\/v1\/wp-json\/wp\/v2\/categories?post=159414"},{"taxonomy":"post_tag","embeddable":true,"href":"https:\/\/www.cronicasdeitarantim.com.br\/v1\/wp-json\/wp\/v2\/tags?post=159414"}],"curies":[{"name":"wp","href":"https:\/\/api.w.org\/{rel}","templated":true}]}}