{"id":159107,"date":"2023-10-02T15:38:40","date_gmt":"2023-10-02T18:38:40","guid":{"rendered":"https:\/\/www.cronicasdeitarantim.com.br\/v1\/?p=159107"},"modified":"2023-10-02T15:38:40","modified_gmt":"2023-10-02T18:38:40","slug":"luto-morre-o-jovem-daniel-araujo-irmao-do-policial-thadeu-da-rondesp-aos-34-anos","status":"publish","type":"post","link":"https:\/\/www.cronicasdeitarantim.com.br\/v1\/2023\/10\/02\/luto-morre-o-jovem-daniel-araujo-irmao-do-policial-thadeu-da-rondesp-aos-34-anos\/","title":{"rendered":"LUTO] Morre o jovem Daniel Ara\u00fajo, irm\u00e3o do policial Thadeu da Rondesp, aos 34 anos"},"content":{"rendered":"<p>\u00c9 com muita tristeza que estamos aqui para anunciar uma nota triste aos amigos e familiares e pessoas que tiveram a honra de conhecer o jovem Daniel Ara\u00fajo Ferreira de 34 anos de idade que morreu na manh\u00e3 desta segunda-feira (02) por complica\u00e7\u00f5es de sa\u00fade na qual ele j\u00e1 vinha h\u00e1 algum tempo fazendo alguns tratamentos.<\/p>\n<p>Dan, como era conhecido pelos amigos de Itarantim os da antiga, tinha alegria de viver, jovialidade, sorriso f\u00e1cil e quem conviveu com ele p\u00f4de ter um grande amigo e uma pessoa de bom cora\u00e7\u00e3o. Amigos e familiares v\u00e3o lembrar com carinho do jovem de cora\u00e7\u00e3o generoso e sorriso contagiante.<\/p>\n<p>Ele morreu na cidade de Itapetinga onde o corpo ser\u00e1 velado naquela cidade no cerimonial da Pax Perfei\u00e7\u00e3o. Em contato com alguns familiares, eles nos afirmaram que o enterro ser\u00e1 na cidade de Itapetinga onde ele trabalhava e residia j\u00e1 algum tempo. Mas n\u00e3o informou o hor\u00e1rio por conta de alguns familiares que est\u00e3o vindo de outros estados.<\/p>\n<p>Dan \u00e9 filho de Itarantim e todos os seus parentes s\u00e3o daqui, ele \u00e9 irm\u00e3o de Marta Ara\u00fajo e do policial Thadeu Ara\u00fajo que \u00e9 locado em Vit\u00f3ria da Conquista na Rondesp. A voc\u00eas as nossas solidariedades neste momento de passagem e rogamos a Deus que o receba na gl\u00f3ria eterna na casa do pai.<\/p>\n<p>V\u00e1 em paz amigo ser luz na gl\u00f3ria eterna&#8230;<\/p>\n","protected":false},"excerpt":{"rendered":"<p>\u00c9 com muita tristeza que estamos aqui para anunciar uma nota triste aos amigos e familiares e pessoas que tiveram a honra de conhecer o jovem Daniel Ara\u00fajo Ferreira de 34 anos de idade que morreu na manh\u00e3 desta segunda-feira (02) por complica\u00e7\u00f5es de sa\u00fade na qual ele j\u00e1 vinha h\u00e1 algum tempo fazendo alguns tratamentos. Dan, como era conhecido pelos amigos de Itarantim os da antiga, tinha alegria de viver, jovialidade, sorriso f\u00e1cil e quem conviveu com ele p\u00f4de ter um grande amigo e uma pessoa de bom cora\u00e7\u00e3o. Amigos e familiares v\u00e3o lembrar com carinho do jovem de [&hellip;]<\/p>\n","protected":false},"author":4,"featured_media":0,"comment_status":"open","ping_status":"open","sticky":false,"template":"","format":"standard","meta":[],"categories":[1],"tags":[1780,425,385,495],"_links":{"self":[{"href":"https:\/\/www.cronicasdeitarantim.com.br\/v1\/wp-json\/wp\/v2\/posts\/159107"}],"collection":[{"href":"https:\/\/www.cronicasdeitarantim.com.br\/v1\/wp-json\/wp\/v2\/posts"}],"about":[{"href":"https:\/\/www.cronicasdeitarantim.com.br\/v1\/wp-json\/wp\/v2\/types\/post"}],"author":[{"embeddable":true,"href":"https:\/\/www.cronicasdeitarantim.com.br\/v1\/wp-json\/wp\/v2\/users\/4"}],"replies":[{"embeddable":true,"href":"https:\/\/www.cronicasdeitarantim.com.br\/v1\/wp-json\/wp\/v2\/comments?post=159107"}],"version-history":[{"count":1,"href":"https:\/\/www.cronicasdeitarantim.com.br\/v1\/wp-json\/wp\/v2\/posts\/159107\/revisions"}],"predecessor-version":[{"id":159109,"href":"https:\/\/www.cronicasdeitarantim.com.br\/v1\/wp-json\/wp\/v2\/posts\/159107\/revisions\/159109"}],"wp:attachment":[{"href":"https:\/\/www.cronicasdeitarantim.com.br\/v1\/wp-json\/wp\/v2\/media?parent=159107"}],"wp:term":[{"taxonomy":"category","embeddable":true,"href":"https:\/\/www.cronicasdeitarantim.com.br\/v1\/wp-json\/wp\/v2\/categories?post=159107"},{"taxonomy":"post_tag","embeddable":true,"href":"https:\/\/www.cronicasdeitarantim.com.br\/v1\/wp-json\/wp\/v2\/tags?post=159107"}],"curies":[{"name":"wp","href":"https:\/\/api.w.org\/{rel}","templated":true}]}}